{"id":975,"date":"2012-10-01T06:38:20","date_gmt":"2012-10-01T04:38:20","guid":{"rendered":"http:\/\/ayitimizik.net\/?p=975"},"modified":"2018-08-29T22:41:35","modified_gmt":"2018-08-29T20:41:35","slug":"programmation-kay-mizik-la-octobre-2012","status":"publish","type":"post","link":"http:\/\/ayitimizik.net\/index.php\/2012\/10\/01\/programmation-kay-mizik-la-octobre-2012\/","title":{"rendered":"Kay Mizik La programmation octobre 2012"},"content":{"rendered":"<p><img loading=\"lazy\" class=\"aligncenter size-medium wp-image-877\" src=\"http:\/\/ayitimizik.net\/wp-content\/uploads\/2018\/08\/Logo_Kaymizikla_ok-900x274.jpg\" alt=\"\" width=\"900\" height=\"274\" srcset=\"http:\/\/ayitimizik.net\/wp-content\/uploads\/2018\/08\/Logo_Kaymizikla_ok-900x274.jpg 900w, http:\/\/ayitimizik.net\/wp-content\/uploads\/2018\/08\/Logo_Kaymizikla_ok-768x234.jpg 768w, http:\/\/ayitimizik.net\/wp-content\/uploads\/2018\/08\/Logo_Kaymizikla_ok-1024x312.jpg 1024w, http:\/\/ayitimizik.net\/wp-content\/uploads\/2018\/08\/Logo_Kaymizikla_ok.jpg 1102w\" sizes=\"(max-width: 900px) 100vw, 900px\" \/><\/p>\n<p><strong>PROGRAMMATION OCTOBRE 2012<\/strong><\/p>\n<p>8 octobre\u00a0: vente-signature BIC<\/p>\n<p>19-20 octobre\u00a0: ateliers guitare avec Boulot Valcourt et Claude Carr\u00e9<\/p>\n<p>19 octobre\u00a0: <em>chita pale<\/em>sur le th\u00e8me \u00ab\u00a0toutes les guitares ha\u00eftiennes et leur potentiel\u00a0\u00bb<\/p>\n<p>26 octobre\u00a0: cin\u00e9ma\u00a0\u00ab\u00a0Buena Vista Social Club\u00a0\u00bb<\/p>\n<p>Et toujours\u00a0: cours de solf\u00e8ge les lundis et mercredis<\/p>\n<p>&nbsp;<\/p>\n<p><strong><u>Lundi 8 octobre\u00a0: VENTE_SIGNATURE DE BIC \u00ab\u00a0NOU BYEN MAL\u00a0\u00bb<\/u><\/strong><strong>\u00a0<\/strong><\/p>\n<p><strong>Horaires\u00a0: \u00e0 partir de 6hPM<\/strong><\/p>\n<p>Apr\u00e8s environ 12 ans de carri\u00e8re en tant que musicien professionnel, Roosevelt Saillant de son nom d\u2019artiste BIC, signe son 5e album\u00a0:\u00ab KREYOL CHANTE KREYOL KONPRANN \u00bb volume II, sous-titr\u00e9 : \u00ab NOU BYEN MAL \u00bb, deuxi\u00e8me partie de cet album solo r\u00e9solument cr\u00e9ole, dont le premier paru en 2010, fait encore le bonheur d\u2019un nombre incalculable de personnes d\u2019ici et d\u2019ailleurs.<\/p>\n<p>&nbsp;<\/p>\n<p><strong><u>Jeudi 18 \u2013 Vendredi 19 octobre\u00a0: ATELIER GUITARE AVEC BOULOT VALCOURT ET CLAUDE CARRE<\/u><\/strong><\/p>\n<p><strong>Horaires: de 3:00PM \u00e0 6\u00a0:00PM<\/strong><\/p>\n<p><strong>Jeudi 19 octobre\u00a0: Boulot Valcourt\u00a0\/ <\/strong><strong>la composition \u00e0 travers la guitare<\/strong><\/p>\n<p>Originaire du Cap Ha\u00eftien, il a offert sa guitare et sa voix \u00e0 de nombreux groupes parmi lesquels le fameux \u00ab\u00a0Caribbean Sextet\u00a0\u00bb. Il est \u00e9galement reconnu comme compositeur et comme troubadour international, avec une voie d&rsquo;une originalit\u00e9 certaine, guitariste, soliste et accompagnateur avec un jeu tr\u00e8s Jazz\u00e9.<\/p>\n<p><strong>Vendredi 20 octobre\u00a0: Claude Carre\u00a0\/ guitare jazz<\/strong><\/p>\n<p><strong>N<\/strong>\u00e9 \u00e0 Port-au-Prince, Claude est guitariste de jazz traditionnel, chercheur, professeur de musique et surtout fervent d\u00e9fenseur du jazz en Ha\u00efti. Il a cr\u00e9\u00e9 il y a quelques ann\u00e9es le <em>\u00ab\u00a0Ha\u00efti Jazz Club\u00a0\u00bb<\/em>au sein duquel il initie et forme de jeunes musiciens aux techniques du jazz. Cofondateur de <em>\u00ab\u00a0Natif Jazz Trio\u00a0\u00bb et du \u00ab\u00a0Trio Arroyo\u00a0\u00bb<\/em>, il \u00e9crit \u00e9galement <em>Les Musiques d&rsquo;Ha\u00efti,<\/em>un essai sur la musique.<\/p>\n<p><strong>Nombre de places<\/strong>\u00a0: <em>12 places sur inscription (au bureau de Kay Mizik la)<\/em><\/p>\n<p>&nbsp;<\/p>\n<p><strong><u>vendredi 19 octobre\u00a0: CHITA PALE\u00a0: TOUTES LES GUITARES HA\u00cfTIENNES ET LEUR POTENTIEL<\/u><\/strong><\/p>\n<p><strong>Horaires: \u00e0 partir de 6\u00a0:00PM<\/strong><\/p>\n<p>Vous \u00eates invit\u00e9s \u00e0 \u00e9changer avec diff\u00e9rents intervenants autour du th\u00e8me de la guitare dans la musique ha\u00eftienne pour d\u00e9cliner toutes leurs modalit\u00e9s.<\/p>\n<p><em>Acc\u00e8s libre aux adh\u00e9rents de Ayiti Mizik et de Kay Mizik la dans la limite des places disponibles<\/em><\/p>\n<p>&nbsp;<\/p>\n<p><strong><u>vendredi 26 octobre\u00a0: CINEMA\u00a0: BUENA VISTA SOCIAL CLUB<\/u><\/strong><\/p>\n<p><strong>Horaires: de 5hPM \u00e0 6h30PM<\/strong><\/p>\n<p>D\u00e9couvrez au c\u00f4t\u00e9s du guitariste am\u00e9ricain Ry Cooder et du r\u00e9alisateur allemand Wim Wenders le Buena Vista Social Club, le club l\u00e9gendaire des grands noms de la musique cubaine, qui repartent \u00e0 la conqu\u00eate du succ\u00e8s de La Havane jusqu\u2019 \u00e0 New York en passant par Amsterdam.<\/p>\n<p>Un film de Win Wenders, avec Compay Segundo, Eliades Ochoa, Ibrahim Ferrer, Omara Portuondo, etc.<\/p>\n<p><em>Acc\u00e8s libre aux adh\u00e9rents de Ayiti Mizik et de Kay Mizik la dans la limite des places disponibles<\/em><\/p>\n<p>&nbsp;<\/p>\n<p><strong><u>RAPPEL\u00a0: Lundi \/ mercredi\u00a0: COURS DE SOLFEGE<\/u><\/strong><\/p>\n<p><strong>Dur\u00e9e\u00a0:<\/strong><\/p>\n<p>Session de 3 mois \/ 3h par semaine<\/p>\n<p>Premi\u00e8re session du 6 ao\u00fbt au 31 octobre 2012<strong>\u00a0<\/strong><\/p>\n<p><strong>Horaires\u00a0:<\/strong><\/p>\n<p><strong>Lundi de 4hPM \u00e0 6hPM<\/strong><\/p>\n<p><strong>Mercredi de 4hPM \u00e0 5hPM<\/strong><\/p>\n<p><strong>Programme<\/strong>\u00a0: Lire et \u00e9crire la musique \u2013 accords de base \u2013 principales figures rythmiques<\/p>\n<p><u>Mois 1<\/u>:Ecriture Musicale\u00a0: La port\u00e9e, les cl\u00e9s, les notes, les silences, les alt\u00e9rations.<\/p>\n<p><u>Mois 2<\/u>\u00a0: Ecriture rythmique: La mesure, le rythme, triolets et duolets, le mouvement, point d&rsquo;orgue et point d&rsquo;arr\u00eat.<\/p>\n<p><u>Mois 3<\/u>\u00a0: La tonalit\u00e9\u00a0: Ton et demi-tons, les intervalles, la gamme majeure, triade (<em>basic chords<\/em>).<\/p>\n<p><strong>Intervenant\u00a0: Welmyr Jean-Pierre<\/strong><\/p>\n<p><strong>Welmyr Jean-Pierre<\/strong><strong>, i<\/strong>ng\u00e9nieur civil de profession, est originaire du Cap-Ha\u00eftien. Il a d\u00e9but\u00e9 ses \u00e9tudes de piano classique d\u00e8s l&rsquo;\u00e2ge de 5 ans et demi. D&rsquo;abord avec s\u0153ur ain\u00e9e, Dr. Elkine Jean-Pierre, puis avec le professeur Solon C. Verettes. En dehors du style classique, c&rsquo;est un passionn\u00e9 de gospel et de jazz. Il a travaill\u00e9 et tourne r\u00e9guli\u00e8rement avec des artistes de renom comme The Brooklyn Tabernacle Choir, Mozayik, Beethova Obas, Emeline Michel, NY All Stars pour ne citer que ceux-l\u00e0. Son deuxi\u00e8me instrument est la clarinette.<\/p>\n<p><strong>Nombre de places<\/strong>\u00a0: 12<\/p>\n<p>&nbsp;<\/p>\n<p><strong><u>CONDITIONS GENERALES DE PARTICIPATION\u00a0<\/u><\/strong><u>:<\/u><\/p>\n<p><em>Les activit\u00e9s de KAY MIZIK LA s\u2019adressent aux professionnels de la musique. <\/em><\/p>\n<p><em>Elles sont gratuites pour les membres de l\u2019association AYITI MIZIK \u00e0 jour de cotisation pour l\u2019ann\u00e9e 2012-2013. L\u2019a<\/em><em>dh\u00e9sion \u00e0 l\u2019association\u00a0AYITI MIZIK <\/em><em>co\u00fbte 1000 HTG pour l\u2019ann\u00e9e, et donne droit aux formations (sous r\u00e9serve de place disponible) et \u00e0 l\u2019ensemble des services offerts par KAY MIZIK LA<\/em><em>\u00a0: conseil professionnel, acc\u00e8s \u00e0 la m\u00e9diath\u00e8que, conf\u00e9rence, table ronde, cin\u00e9ma, chita pale.<\/em><\/p>\n<p><em>L\u2019a<\/em><em>dh\u00e9sion \u00e0 KAY MIZIK LA <\/em><em>co\u00fbte200 HTG pour <\/em><em>l\u2019ann\u00e9e, et donne droit simplement aux services suivants\u00a0: <\/em><em>m\u00e9diath\u00e8que, conf\u00e9rence, table ronde, cin\u00e9ma, chita pale.<\/em><\/p>\n<p><em>Pour les non-adh\u00e9rents \u00e0 AYITI MIZIK<\/em><em>, les formations sont payantes<\/em><\/p>\n","protected":false},"excerpt":{"rendered":"<p>PROGRAMMATION OCTOBRE 2012 8 octobre\u00a0: vente-signature BIC 19-20 octobre\u00a0: ateliers guitare avec Boulot Valcourt et Claude Carr\u00e9 19 octobre\u00a0: chita palesur le th\u00e8me \u00ab\u00a0toutes les guitares ha\u00eftiennes et leur potentiel\u00a0\u00bb 26 octobre\u00a0: cin\u00e9ma\u00a0\u00ab\u00a0Buena Vista Social Club\u00a0\u00bb Et toujours\u00a0: cours de &hellip; <a href=\"http:\/\/ayitimizik.net\/index.php\/2012\/10\/01\/programmation-kay-mizik-la-octobre-2012\/\">Continuer la lecture <span class=\"meta-nav\">&rarr;<\/span><\/a><\/p>\n","protected":false},"author":2,"featured_media":0,"comment_status":"closed","ping_status":"closed","sticky":false,"template":"","format":"standard","meta":[],"categories":[14,13],"tags":[],"_links":{"self":[{"href":"http:\/\/ayitimizik.net\/index.php\/wp-json\/wp\/v2\/posts\/975"}],"collection":[{"href":"http:\/\/ayitimizik.net\/index.php\/wp-json\/wp\/v2\/posts"}],"about":[{"href":"http:\/\/ayitimizik.net\/index.php\/wp-json\/wp\/v2\/types\/post"}],"author":[{"embeddable":true,"href":"http:\/\/ayitimizik.net\/index.php\/wp-json\/wp\/v2\/users\/2"}],"replies":[{"embeddable":true,"href":"http:\/\/ayitimizik.net\/index.php\/wp-json\/wp\/v2\/comments?post=975"}],"version-history":[{"count":3,"href":"http:\/\/ayitimizik.net\/index.php\/wp-json\/wp\/v2\/posts\/975\/revisions"}],"predecessor-version":[{"id":1019,"href":"http:\/\/ayitimizik.net\/index.php\/wp-json\/wp\/v2\/posts\/975\/revisions\/1019"}],"wp:attachment":[{"href":"http:\/\/ayitimizik.net\/index.php\/wp-json\/wp\/v2\/media?parent=975"}],"wp:term":[{"taxonomy":"category","embeddable":true,"href":"http:\/\/ayitimizik.net\/index.php\/wp-json\/wp\/v2\/categories?post=975"},{"taxonomy":"post_tag","embeddable":true,"href":"http:\/\/ayitimizik.net\/index.php\/wp-json\/wp\/v2\/tags?post=975"}],"curies":[{"name":"wp","href":"https:\/\/api.w.org\/{rel}","templated":true}]}}