{"id":972,"date":"2012-09-01T06:33:36","date_gmt":"2012-09-01T04:33:36","guid":{"rendered":"http:\/\/ayitimizik.net\/?p=972"},"modified":"2018-08-29T21:38:00","modified_gmt":"2018-08-29T19:38:00","slug":"programmation-kay-mizik-la-septembre-2012","status":"publish","type":"post","link":"http:\/\/ayitimizik.net\/index.php\/2012\/09\/01\/programmation-kay-mizik-la-septembre-2012\/","title":{"rendered":"Kay Mizik La programmation septembre 2012"},"content":{"rendered":"<p><img loading=\"lazy\" class=\"aligncenter size-medium wp-image-877\" src=\"http:\/\/ayitimizik.net\/wp-content\/uploads\/2018\/08\/Logo_Kaymizikla_ok-900x274.jpg\" alt=\"\" width=\"900\" height=\"274\" srcset=\"http:\/\/ayitimizik.net\/wp-content\/uploads\/2018\/08\/Logo_Kaymizikla_ok-900x274.jpg 900w, http:\/\/ayitimizik.net\/wp-content\/uploads\/2018\/08\/Logo_Kaymizikla_ok-768x234.jpg 768w, http:\/\/ayitimizik.net\/wp-content\/uploads\/2018\/08\/Logo_Kaymizikla_ok-1024x312.jpg 1024w, http:\/\/ayitimizik.net\/wp-content\/uploads\/2018\/08\/Logo_Kaymizikla_ok.jpg 1102w\" sizes=\"(max-width: 900px) 100vw, 900px\" \/><\/p>\n<p><strong>PROGRAMMATION SEPTEMBRE 2012<\/strong><\/p>\n<p>13-17 septembre\u00a0: atelier management<\/p>\n<p>21 septembre\u00a0: cin\u00e9-conf\u00e9rence avec Zach Niles<\/p>\n<p>28 septembre\u00a0: <em>chita pale<\/em>sur le th\u00e8me \u00ab\u00a0comment trouver un manager\u00a0?\u00a0\u00bb<\/p>\n<p>Et toujours\u00a0: cours de solf\u00e8ge les lundis et mercredis<\/p>\n<p>&nbsp;<\/p>\n<p><strong><u>Jeudi 13 \u2013 Vendredi 14 \u2013 lundi 17 septembre\u00a0: ATELIER MANAGEMENT<\/u><\/strong><strong>\u00a0<\/strong><\/p>\n<p><strong>Horaires\u00a0: De 8h30AM \u00e0 6hPM<\/strong><\/p>\n<p><strong>Programme<\/strong>\u00a0: interventions vari\u00e9es sur diff\u00e9rents aspects (comptables, promotionnels, techniques, etc.) entrant dans le cadre du management<\/p>\n<p><strong>Intervenants\u00a0: Pascale Jaunay, Eddy Renaud, Milena Sandler et autres \u00e0 confirmer<\/strong><\/p>\n<p><strong>Nombre de places<\/strong>\u00a0: 12 places sur inscription (au bureau de Kay Mizik la)<\/p>\n<p>&nbsp;<\/p>\n<p><strong><u>vendredi 21 septembre\u00a0: CINE \/ CONFERENCE AVEC ZACH NILES<\/u><\/strong><\/p>\n<p><strong>Horaires<\/strong>: de 5PM \u00e0 6:30PM<\/p>\n<p>Zach Niles pr\u00e9sentera son exp\u00e9rience avec le groupe Sierra Leone\u2019s Refugee All Stars en commentant des extraits de son film. Il \u00e9voquera \u00e9galement le projet Lakou Mizik.<\/p>\n<p><a href=\"http:\/\/www.sierraleonesrefugeeallstars.com\/\">http:\/\/www.sierraleonesrefugeeallstars.com<\/a>\/<\/p>\n<p><a href=\"http:\/\/www.lakoumizik.com\/\">http:\/\/www.lakoumizik.com\/<\/a><\/p>\n<p>Acc\u00e8s libre aux adh\u00e9rents de Ayiti Mizik et de Kay Mizik la dans la limite des places disponibles<\/p>\n<p>&nbsp;<\/p>\n<p><strong><u>vendredi 28 septembre\u00a0: CHITA PALE\u00a0: COMMENT TROUVER UN MANAGER\u00a0?<\/u><\/strong><\/p>\n<p><strong>Horaires<\/strong>: de 5h<strong>PM<\/strong>\u00e0 6h30PM<\/p>\n<p>Vous \u00eates invites \u00e0 \u00e9changer avec diff\u00e9rents intervenants autour du th\u00e8me du management et \u00e0 leur poser toutes vos questions, en commen\u00e7ant par celle-ci\u00a0: comment trouver un manager\u00a0?<\/p>\n<p>Acc\u00e8s libre aux adh\u00e9rents de Ayiti Mizik et de Kay Mizik la dans la limite des places disponibles<\/p>\n<p>&nbsp;<\/p>\n<p><strong><u>RAPPEL\u00a0: Lundi \/ mercredi\u00a0: COURS DE SOLFEGE<\/u><\/strong><\/p>\n<p><strong>Dur\u00e9e\u00a0:<\/strong><\/p>\n<p>Session de 3 mois \/ 3h par semaine<\/p>\n<p>Premi\u00e8re session du 6 ao\u00fbt au 31 octobre 2012<strong>\u00a0<\/strong><\/p>\n<p><strong>Horaires\u00a0:<\/strong><\/p>\n<p><strong>Lundi de 4hPM \u00e0 6hPM<\/strong><\/p>\n<p><strong>Mercredi de 4hPM \u00e0 5hPM<\/strong><strong>\u00a0<\/strong><\/p>\n<p><strong>Programme<\/strong>\u00a0: Lire et \u00e9crire la musique \u2013 accords de base \u2013 principales figures rythmiques<\/p>\n<p><u>Mois 1 : <\/u><\/p>\n<p>Ecriture Musicale\u00a0: La port\u00e9e, les cl\u00e9s, les notes, les silences, les alt\u00e9rations.<\/p>\n<p><u>Mois 2\u00a0:<\/u><\/p>\n<p>Ecriture rythmique: La mesure, le rythme, triolets et duolets, le mouvement, point d&rsquo;orgue et point d&rsquo;arr\u00eat.<\/p>\n<p><u>Mois 3\u00a0: <\/u><\/p>\n<p>La tonalit\u00e9\u00a0: Ton et demi-tons, les intervalles, la gamme majeure, triade (<em>basic chords<\/em>).<\/p>\n<p><strong>Intervenant\u00a0: Welmyr Jean-Pierre<\/strong><\/p>\n<p><strong>Welmyr Jean-Pierre<\/strong><strong>, i<\/strong>ng\u00e9nieur civil de profession, est originaire du Cap-Ha\u00eftien. Il a d\u00e9but\u00e9 ses \u00e9tudes de piano classique d\u00e8s l&rsquo;\u00e2ge de 5 ans et demi. D&rsquo;abord avec s\u0153ur ain\u00e9e, Dr. Elkine Jean-Pierre, puis avec le professeur Solon C. Verettes. En dehors du style classique, c&rsquo;est un passionn\u00e9 de gospel et de jazz. Il a travaill\u00e9 et tourne r\u00e9guli\u00e8rement avec des artistes de renom comme The Brooklyn Tabernacle Choir, Mozayik, Beethova Obas, Emeline Michel, NY All Stars pour ne citer que ceux-l\u00e0. Son deuxi\u00e8me instrument est la clarinette.<\/p>\n<p><strong>Nombre de places<\/strong>\u00a0: 12<\/p>\n<p>&nbsp;<\/p>\n<p><strong><u>CONDITIONS GENERALES DE PARTICIPATION\u00a0<\/u><\/strong><u>:<\/u><\/p>\n<p><em>Les activit\u00e9s de KAY MIZIK LA s\u2019adressent aux professionnels de la musique. <\/em><em>\u00a0<\/em><\/p>\n<p><em>Elles sont gratuites pour les membres de l\u2019association AYITI MIZIK \u00e0 jour de cotisation pour l\u2019ann\u00e9e 2012-2013.<\/em><\/p>\n<p><em>L\u2019a<\/em><em>dh\u00e9sion \u00e0 l\u2019association\u00a0<\/em><em>AYITI MIZIK <\/em><em>co\u00fbte 1000 HTG pour l\u2019ann\u00e9e, et donne droit aux formations (sous r\u00e9serve de place disponible) et \u00e0 l\u2019ensemble des services offerts par <\/em><em>KAY MIZIK LA<\/em><em>\u00a0: conseil professionnel, acc\u00e8s \u00e0 la m\u00e9diath\u00e8que, conf\u00e9rence, table ronde, cin\u00e9ma, chita pale.<\/em><\/p>\n<p><em>L\u2019a<\/em><em>dh\u00e9sion \u00e0 <\/em><em>KAY MIZIK LA <\/em><em>co\u00fbte<\/em><em>200 HTG pour <\/em><em>l\u2019ann\u00e9e<\/em><em>, et donne droit simplement aux services suivants\u00a0: <\/em><em>m\u00e9diath\u00e8que, conf\u00e9rence, table ronde, cin\u00e9ma, chita pale.<\/em><\/p>\n<p><em>Pour les non-adh\u00e9rents \u00e0 <\/em><em>AYITI MIZIK<\/em><em>, les formations sont payantes<\/em><\/p>\n","protected":false},"excerpt":{"rendered":"<p>PROGRAMMATION SEPTEMBRE 2012 13-17 septembre\u00a0: atelier management 21 septembre\u00a0: cin\u00e9-conf\u00e9rence avec Zach Niles 28 septembre\u00a0: chita palesur le th\u00e8me \u00ab\u00a0comment trouver un manager\u00a0?\u00a0\u00bb Et toujours\u00a0: cours de solf\u00e8ge les lundis et mercredis &nbsp; Jeudi 13 \u2013 Vendredi 14 \u2013 lundi &hellip; <a href=\"http:\/\/ayitimizik.net\/index.php\/2012\/09\/01\/programmation-kay-mizik-la-septembre-2012\/\">Continuer la lecture <span class=\"meta-nav\">&rarr;<\/span><\/a><\/p>\n","protected":false},"author":2,"featured_media":0,"comment_status":"closed","ping_status":"closed","sticky":false,"template":"","format":"standard","meta":[],"categories":[14,13],"tags":[],"_links":{"self":[{"href":"http:\/\/ayitimizik.net\/index.php\/wp-json\/wp\/v2\/posts\/972"}],"collection":[{"href":"http:\/\/ayitimizik.net\/index.php\/wp-json\/wp\/v2\/posts"}],"about":[{"href":"http:\/\/ayitimizik.net\/index.php\/wp-json\/wp\/v2\/types\/post"}],"author":[{"embeddable":true,"href":"http:\/\/ayitimizik.net\/index.php\/wp-json\/wp\/v2\/users\/2"}],"replies":[{"embeddable":true,"href":"http:\/\/ayitimizik.net\/index.php\/wp-json\/wp\/v2\/comments?post=972"}],"version-history":[{"count":2,"href":"http:\/\/ayitimizik.net\/index.php\/wp-json\/wp\/v2\/posts\/972\/revisions"}],"predecessor-version":[{"id":987,"href":"http:\/\/ayitimizik.net\/index.php\/wp-json\/wp\/v2\/posts\/972\/revisions\/987"}],"wp:attachment":[{"href":"http:\/\/ayitimizik.net\/index.php\/wp-json\/wp\/v2\/media?parent=972"}],"wp:term":[{"taxonomy":"category","embeddable":true,"href":"http:\/\/ayitimizik.net\/index.php\/wp-json\/wp\/v2\/categories?post=972"},{"taxonomy":"post_tag","embeddable":true,"href":"http:\/\/ayitimizik.net\/index.php\/wp-json\/wp\/v2\/tags?post=972"}],"curies":[{"name":"wp","href":"https:\/\/api.w.org\/{rel}","templated":true}]}}