{"id":882,"date":"2012-08-01T01:04:45","date_gmt":"2012-07-31T23:04:45","guid":{"rendered":"http:\/\/ayitimizik.net\/?p=882"},"modified":"2018-08-29T21:35:50","modified_gmt":"2018-08-29T19:35:50","slug":"programmation-kay-mizik-la-aout-2012","status":"publish","type":"post","link":"http:\/\/ayitimizik.net\/index.php\/2012\/08\/01\/programmation-kay-mizik-la-aout-2012\/","title":{"rendered":"Kay Mizik La programmation ao\u00fbt 2012"},"content":{"rendered":"<p><img loading=\"lazy\" class=\"aligncenter size-medium wp-image-877\" src=\"http:\/\/ayitimizik.net\/wp-content\/uploads\/2018\/08\/Logo_Kaymizikla_ok-900x274.jpg\" alt=\"\" width=\"900\" height=\"274\" srcset=\"http:\/\/ayitimizik.net\/wp-content\/uploads\/2018\/08\/Logo_Kaymizikla_ok-900x274.jpg 900w, http:\/\/ayitimizik.net\/wp-content\/uploads\/2018\/08\/Logo_Kaymizikla_ok-768x234.jpg 768w, http:\/\/ayitimizik.net\/wp-content\/uploads\/2018\/08\/Logo_Kaymizikla_ok-1024x312.jpg 1024w, http:\/\/ayitimizik.net\/wp-content\/uploads\/2018\/08\/Logo_Kaymizikla_ok.jpg 1102w\" sizes=\"(max-width: 900px) 100vw, 900px\" \/><\/p>\n<p><strong>PROGRAMMATION AOUT 2012<\/strong><\/p>\n<p>Lundi \/ mercredi\u00a0: cours de solf\u00e8ge<\/p>\n<p>16-17 ao\u00fbt\u00a0: atelier batterie-percussion<\/p>\n<p>17 ao\u00fbt\u00a0: <em>chita pale<\/em>\/ batterie, tambour, petites percussions\u00a0: int\u00e9gration\/\u00e9volution dans la musique ha\u00eftienne<\/p>\n<p>31 ao\u00fbt\u00a0: cin\u00e9ma \/ Stomp, odyss\u00e9e des rythmes du monde de S. Mcnicholas et <a href=\"http:\/\/www.allocine.fr\/personne\/fichepersonne_gen_cpersonne=87453.html\">L. Cresswell<\/a><\/p>\n<p>&nbsp;<\/p>\n<p><strong><u>\u00a0<\/u><\/strong><\/p>\n<p><strong><u>Lundi \/ mercredi\u00a0: COURS DE SOLFEGE<\/u><\/strong><\/p>\n<p><strong>Dur\u00e9e\u00a0:<\/strong><\/p>\n<p>Session de 3 mois \/ 3h par semaine<\/p>\n<p>Premi\u00e8re session du 6 ao\u00fbt au 31 octobre 2012<strong>\u00a0<\/strong><\/p>\n<p><strong>Horaires\u00a0:<\/strong><\/p>\n<p><strong>Lundi de 4hPM \u00e0 6hPM<\/strong><\/p>\n<p><strong>Mercredi de 4hPM \u00e0 5hPM<\/strong><strong>\u00a0<\/strong><\/p>\n<p><strong>Programme<\/strong>\u00a0: Lire et \u00e9crire la musique \u2013 accords de base \u2013 principales figures rythmiques<\/p>\n<p><u>Mois 1 : <\/u><\/p>\n<p>Ecriture Musicale\u00a0: La port\u00e9e, les cl\u00e9s, les notes, les silences, les alt\u00e9rations.<\/p>\n<p><u>Mois 2\u00a0:<\/u><\/p>\n<p>Ecriture rythmique: La mesure, le rythme, triolets et duolets, le mouvement, point d&rsquo;orgue et point d&rsquo;arr\u00eat.<\/p>\n<p><u>Mois 3\u00a0: <\/u><\/p>\n<p>La tonalit\u00e9\u00a0: Ton et demi-tons, les intervalles, la gamme majeure, triade (<em>basic chords<\/em>).<\/p>\n<p><strong>Intervenant\u00a0: Welmyr Jean-Pierre<\/strong><\/p>\n<p><strong>Welmyr Jean-Pierre<\/strong><strong>, i<\/strong>ng\u00e9nieur civil de profession, est originaire du Cap-Ha\u00eftien. Il a d\u00e9but\u00e9 ses \u00e9tudes de piano classique d\u00e8s l&rsquo;\u00e2ge de 5 ans et demi. D&rsquo;abord avec s\u0153ur ain\u00e9e, Dr. Elkine Jean-Pierre, puis avec le professeur Solon C. Verettes. En dehors du style classique, c&rsquo;est un passionn\u00e9 de gospel et de jazz. Il a travaill\u00e9 et tourne r\u00e9guli\u00e8rement avec des artistes de renom comme The Brooklyn Tabernacle Choir, Mozayik, Beethova Obas, Emeline Michel, NY All Stars pour ne citer que ceux-l\u00e0. Son deuxi\u00e8me instrument est la clarinette.<\/p>\n<p><strong>Nombre de places<\/strong>\u00a0: 12<\/p>\n<p>&nbsp;<\/p>\n<p><strong><u>Jeudi 16 et vendredi 17 ao\u00fbt\u00a0: ATELIER BATTERIE_PERCUSSION<\/u><\/strong><strong>\u00a0<\/strong><\/p>\n<p><strong>Horaires\u00a0: De 10hAM \u00e0 2hPM<\/strong><\/p>\n<p><strong>Programme<\/strong>\u00a0: 1 jour batterie \/ 1 jour percussion<\/p>\n<p><u>Batterie\u00a0:<\/u><\/p>\n<ul>\n<li>Accordage<\/li>\n<li>Sonorit\u00e9 (toucher)<\/li>\n<li>Jeu dans l\u2019accompagnement<\/li>\n<li>Utilisation de la batterie dans l\u2019espace musical<\/li>\n<\/ul>\n<p><u>Percussions\u00a0:<\/u><\/p>\n<ul>\n<li>Choix des percussions dans le spectre sonore<\/li>\n<li>Sonorit\u00e9 (toucher)<\/li>\n<li>Utilisation de la percussion dans l\u2019espace musical<\/li>\n<\/ul>\n<p><strong>Intervenant\u00a0: Jo\u00ebl Widma\u00efer<\/strong><\/p>\n<p>Directeur de production de Radio M\u00e9tropole, compositeur de plus de 70 jingles d\u2019habillages d\u2019antennes et commerciaux, arrangeur, r\u00e9alisateur, producteur, monteur, Jo\u00ebl Widma\u00efer est avant tout un passionn\u00e9 de \u00ab Son \u00bb.<\/p>\n<p>Autodidacte, <strong>Jo\u00ebl<\/strong>joue \u00e0 la batterie depuis l&rsquo;\u00e2ge de 13 ans.Durant ses \u00e9tudes de radiocommunication et d\u2019ing\u00e9nierie du son aux \u00e9tats Unis, il d\u00e9couvre la guitare et compose les premi\u00e8res musiques de Z\u00e8kl\u00e8. Un beat \u00e0 la fois rock et konpa, teint\u00e9 de jazz, qui va atteindre le comble de son expression quand Jo\u00ebl retrouve la bande compos\u00e9e de Ralph Boncy, Ti Raoul Denis et Mushy Widmaier pour cr\u00e9er Z\u00e8kl\u00e8 en 1981.<\/p>\n<p>Par ailleurs, Jo\u00ebl a eu l\u2019opportunit\u00e9 de collaborer avec des artistes tels que Toto Bissainthe, Bernard Lavilliers, Wyclef Jean, Jocelyne Beroard, Tifane, Azor, Carole Demesmin, Michel Martelly, Fabrice Rouzier, Belo, Boulo Valcourt, Strings (Jacky Ambroise), Reginald Policard\u2026<strong>\u00a0<\/strong><\/p>\n<p><strong>Nombre de places<\/strong>\u00a0: 10<\/p>\n<p><strong>Instruments fournis \/ <\/strong>apporter les baguettes de batterie dans la mesure du possible<\/p>\n<p>&nbsp;<\/p>\n<p><strong><u>vendredi 17 ao\u00fbt\u00a0: CHITA PALE \/ BATTERIE, TAMBOUR, PETITES PERCUSSIONS\u00a0: INTEGRATION\/EVOLUTION DANS LA MUSIQUE HAITIENNE<\/u><\/strong><\/p>\n<p><strong>Horaires: de 5PM \u00e0 6:30PM<\/strong><\/p>\n<p>Acc\u00e8s libre aux adh\u00e9rents de Ayiti Mizik et de Kay Mizik la dans la limite des places disponibles<\/p>\n<p>&nbsp;<\/p>\n<p><strong><u>vendredi 31 ao\u00fbt\u00a0: CINEMA \/ STOMP, LIVE<\/u><\/strong><\/p>\n<p><strong>Horaires: de 5hPM\u00a0\u00e0 6h30PM<\/strong><\/p>\n<p>Acc\u00e8s libre aux adh\u00e9rents de Ayiti Mizik et de Kay Mizik la dans la limite des places disponibles<\/p>\n<p><strong><em>Stomp\u00a0<\/em><\/strong>est le nom d&rsquo;une troupe de 8 artistes r\u00e9alisant un spectacle musical, cr\u00e9\u00e9 \u00e0 Brighton (UK) durant l&rsquo;\u00e9t\u00e9 1991. Ces musiciens utilisent des objets de la vie courante comme percussions tels que des \u00e9viers, des chaises ou encore des balais. Ils montent un spectacle impressionnant autant au niveau des percussions qu&rsquo;au niveau de la chor\u00e9graphie. Les centaines de repr\u00e9sentations de <em>Stomp<\/em>ont attir\u00e9 plusieurs millions de spectateurs \u00e0 travers le monde.<\/p>\n<p><a href=\"http:\/\/www.stomponline.com\/show.php\">http:\/\/www.stomponline.com\/show.php<\/a><\/p>\n<p>&nbsp;<\/p>\n<p><strong><u>CONDITIONS DE PARTICIPATION\u00a0<\/u><\/strong><u>:<\/u><em>\u00a0<\/em><\/p>\n<p><em>Les activit\u00e9s de KAY MIZIK LA s\u2019adressent aux professionnels de la musique. <\/em><\/p>\n<p><em>Elles sont gratuites pour les membres de l\u2019association AYITI MIZIK \u00e0 jour de cotisation pour l\u2019ann\u00e9e 2012-2013.<\/em><\/p>\n<p><em>L\u2019a<\/em><em>dh\u00e9sion \u00e0 l\u2019association\u00a0<\/em><em>AYITI MIZIK <\/em><em>co\u00fbte 1000 HTG pour l\u2019ann\u00e9e, et donne droit aux formations (sous r\u00e9serve de place disponible) et \u00e0 l\u2019ensemble des services offerts par <\/em><em>KAY MIZIK LA<\/em><em>\u00a0: conseil professionnel, acc\u00e8s \u00e0 la m\u00e9diath\u00e8que, conf\u00e9rence, table ronde, cin\u00e9ma, chita pale.<\/em><\/p>\n<p><em>L\u2019a<\/em><em>dh\u00e9sion \u00e0 <\/em><em>KAY MIZIK LA <\/em><em>co\u00fbte<\/em><em>200 HTG pour <\/em><em>l\u2019ann\u00e9e<\/em><em>, et donne droit simplement aux services suivants\u00a0: <\/em><em>m\u00e9diath\u00e8que, conf\u00e9rence, table ronde, cin\u00e9ma, chita pale.<\/em><\/p>\n<p><em>Pour les non-adh\u00e9rents \u00e0 <\/em><em>AYITI MIZIK<\/em><em>, les formations sont propos\u00e9es au tarif suivant:<\/em><\/p>\n<ul>\n<li><em>session de solf\u00e8ge\u00a0: 6000 HTG<\/em><\/li>\n<li><em>atelier batterie-percussion\u00a0: 1000 HTG<\/em><\/li>\n<\/ul>\n","protected":false},"excerpt":{"rendered":"<p>PROGRAMMATION AOUT 2012 Lundi \/ mercredi\u00a0: cours de solf\u00e8ge 16-17 ao\u00fbt\u00a0: atelier batterie-percussion 17 ao\u00fbt\u00a0: chita pale\/ batterie, tambour, petites percussions\u00a0: int\u00e9gration\/\u00e9volution dans la musique ha\u00eftienne 31 ao\u00fbt\u00a0: cin\u00e9ma \/ Stomp, odyss\u00e9e des rythmes du monde de S. Mcnicholas et &hellip; <a href=\"http:\/\/ayitimizik.net\/index.php\/2012\/08\/01\/programmation-kay-mizik-la-aout-2012\/\">Continuer la lecture <span class=\"meta-nav\">&rarr;<\/span><\/a><\/p>\n","protected":false},"author":2,"featured_media":0,"comment_status":"closed","ping_status":"closed","sticky":false,"template":"","format":"standard","meta":[],"categories":[14,13],"tags":[],"_links":{"self":[{"href":"http:\/\/ayitimizik.net\/index.php\/wp-json\/wp\/v2\/posts\/882"}],"collection":[{"href":"http:\/\/ayitimizik.net\/index.php\/wp-json\/wp\/v2\/posts"}],"about":[{"href":"http:\/\/ayitimizik.net\/index.php\/wp-json\/wp\/v2\/types\/post"}],"author":[{"embeddable":true,"href":"http:\/\/ayitimizik.net\/index.php\/wp-json\/wp\/v2\/users\/2"}],"replies":[{"embeddable":true,"href":"http:\/\/ayitimizik.net\/index.php\/wp-json\/wp\/v2\/comments?post=882"}],"version-history":[{"count":6,"href":"http:\/\/ayitimizik.net\/index.php\/wp-json\/wp\/v2\/posts\/882\/revisions"}],"predecessor-version":[{"id":888,"href":"http:\/\/ayitimizik.net\/index.php\/wp-json\/wp\/v2\/posts\/882\/revisions\/888"}],"wp:attachment":[{"href":"http:\/\/ayitimizik.net\/index.php\/wp-json\/wp\/v2\/media?parent=882"}],"wp:term":[{"taxonomy":"category","embeddable":true,"href":"http:\/\/ayitimizik.net\/index.php\/wp-json\/wp\/v2\/categories?post=882"},{"taxonomy":"post_tag","embeddable":true,"href":"http:\/\/ayitimizik.net\/index.php\/wp-json\/wp\/v2\/tags?post=882"}],"curies":[{"name":"wp","href":"https:\/\/api.w.org\/{rel}","templated":true}]}}