{"id":854,"date":"2018-08-28T23:46:13","date_gmt":"2018-08-28T21:46:13","guid":{"rendered":"http:\/\/ayitimizik.net\/?p=854"},"modified":"2018-08-29T04:54:00","modified_gmt":"2018-08-29T02:54:00","slug":"appel-a-candidatures-afro-pepites-show-2018","status":"publish","type":"post","link":"http:\/\/ayitimizik.net\/index.php\/2018\/08\/28\/appel-a-candidatures-afro-pepites-show-2018\/","title":{"rendered":"APPEL A CANDIDATURES : Afro P\u00e9pites Show 2018"},"content":{"rendered":"<div id=\"SITE_BACKGROUND\" class=\"siteBackground\">\n<div id=\"SITE_BACKGROUND_current_customBgImg4fw\" class=\"siteBackgroundcurrent\" data-position=\"absolute\"><span class=\"inherit-font-size\"><span class=\"wixGuard\">\u200b<\/span><\/span><span style=\"font-size: 29px; font-weight: bold;\">L&rsquo;AFRO P\u00c9PITES SHOW<\/span><\/div>\n<\/div>\n<div id=\"SITE_ROOT\" class=\"SITE_ROOT\">\n<div id=\"masterPage\" data-ref=\"masterPage\">\n<div id=\"PAGES_CONTAINER\" class=\"pc1\" data-is-mobile=\"false\" data-is-mesh=\"false\" data-site-width=\"980\" data-state=\"\">\n<div id=\"PAGES_CONTAINERcenteredContent\" class=\"pc1centeredContent\">\n<div id=\"PAGES_CONTAINERinlineContent\" class=\"pc1inlineContent\">\n<div id=\"SITE_PAGES\" class=\"s_VOwPageGroupSkin\">\n<div id=\"c161y\" class=\"p2\" data-ismobile=\"false\" data-is-mesh-layout=\"false\">\n<div id=\"c161yinlineContent\" class=\"p2inlineContent\">\n<div id=\"hylouhdf\" class=\"txtNew\" data-packed=\"true\">\n<p><img loading=\"lazy\" class=\"alignleft size-full wp-image-915\" src=\"http:\/\/ayitimizik.net\/wp-content\/uploads\/2018\/08\/Afro-pepites.jpg\" alt=\"\" width=\"950\" height=\"713\" srcset=\"http:\/\/ayitimizik.net\/wp-content\/uploads\/2018\/08\/Afro-pepites.jpg 950w, http:\/\/ayitimizik.net\/wp-content\/uploads\/2018\/08\/Afro-pepites-564x423.jpg 564w, http:\/\/ayitimizik.net\/wp-content\/uploads\/2018\/08\/Afro-pepites-768x576.jpg 768w, http:\/\/ayitimizik.net\/wp-content\/uploads\/2018\/08\/Afro-pepites-400x300.jpg 400w\" sizes=\"(max-width: 950px) 100vw, 950px\" \/><\/p>\n<p class=\"alignLeft font_9\">Dans cette effusion de cr\u00e9ativit\u00e9 diffus\u00e9e par internet, Le R\u00eave Africain r\u00e9v\u00e8le 3 projets par an ! <a href=\"https:\/\/drive.google.com\/file\/d\/1pbEFYmgEmQAExpp_dEbaxoSzVqPlD2Yi\/view?usp=sharing\" target=\"_blank\" rel=\"nofollow noopener\" data-content=\"https:\/\/drive.google.com\/file\/d\/1pbEFYmgEmQAExpp_dEbaxoSzVqPlD2Yi\/view?usp=sharing\" data-type=\"external\">COMMUNIQUE de PRESSE 2018<\/a><\/p>\n<p class=\"font_7\">Inscriptions 9\u00e8me \u00e9dition :<\/p>\n<p class=\"font_7\"><span class=\"color_5\">Du 1er f\u00e9vrier au 30 septembre 2018<\/span><\/p>\n<p class=\"font_8\"><span class=\"color_5\">Chaque ann\u00e9e, le r\u00e9seau du R\u00eave Africain agite les talents via internet pour valoriser les cultures d\u2019Afrique.<\/span><\/p>\n<p class=\"font_8\">Au\u00a0programme de la 9\u00e8me \u00e9dition\u00a0:<\/p>\n<p class=\"font_8\">Show Musiques Afrique de l\u2019Ouest | Musiques Afrique du Nord | Musiques Afrique Australe | Musiques Afrique Centrale | Musiques Afrique de l\u2019Est | Modes | Contes | Po\u00e8mes | Humours | Danses | Photos | Peintures | R\u00e9alisations de Court m\u00e9trage | Clip | Sculptures | Actions pour l\u2019Afrique &amp; Show Arts et Cultures Carib\u00e9enne | Jama\u00efcaine | Br\u00e9silienne | Colombienne | Ha\u00eftienne | V\u00e9n\u00e9zu\u00e9lienne | Cubaine\u2026<\/p>\n<p class=\"font_8\">OUVERT \u00c0 QUI ?<\/p>\n<p class=\"font_8\"># Ouvert aux artistes d&rsquo;Afrique, des Cara\u00efbes, du V\u00e9n\u00e9zuela, du Br\u00e9sil, de Colombie, d&rsquo;Ha\u00efti, de la Jama\u00efque, de Cuba\u00a0ou \u00e0 tout autre artiste inspir\u00e9 par l&rsquo;Afrique.<\/p>\n<p class=\"font_8\">POUR LES PROJETS LOCALISES :<br \/>\n&#8211;\u00a0Promotion aupr\u00e8s de notre r\u00e9seau pros\u00a0: d&rsquo;organisateurs, managers, producteurs, m\u00e9dias\u00a0(Plus de 12 200)<br \/>\n&#8211;\u00a0Promotion aupr\u00e8s de plus de 25 000 abonn\u00e9s\u00a0\u00e0 notre Lettre d&rsquo;information et \u00e0 nos\u00a0plus de 50 000 abonn\u00e9s\u00a0facebook\u00a0&#8211;\u00a0Twitter\u00a0&#8211; LinkedIn \u2013 \u2026<\/p>\n<p class=\"font_8\">&#8211;\u00a0Partage de vos\u00a0titres\u00a0sur les ondes de nos\u00a0Radios partenaires<br \/>\n&#8211;\u00a0Partage de vos\u00a0clips\u00a0sur le r\u00e9seau des\u00a0TV partenaires<br \/>\n&#8211;\u00a0Promotion sur les sites de nos partenaires\u00a0m\u00e9diatiques<br \/>\n&#8211;\u00a0Aide \u00e0 la distribution num\u00e9rique et physique,<br \/>\n&#8211;\u00a0Management, Booking\u00a0: Dans l\u2019attente que chacun des\u00a0artistes localis\u00e9s\u00a0trouvent\u00a0leur manager, producteur, tour-manager&#8230; L\u2019association le R\u00eave Africain offre l\u2019appui de sa structure et de son r\u00e9seau aux artistes non manag\u00e9s.<\/p>\n<\/div>\n<div id=\"WRchTxtr\" class=\"txtNew\" data-packed=\"true\">\n<p class=\"font_7\"><span class=\"color_5\">COMMENT PARTICIPER\u00a0?\u00a0:<\/span><br \/>\n&#8211; Un <a href=\"http:\/\/lereveafricain.wixsite.com\/lereveafricain\/inscriptions-2018\" target=\"_self\">formulaire d&rsquo;inscription<\/a> est mis en ligne \u00e0 partir du 1er F\u00e9vrier de chaque ann\u00e9e.<\/p>\n<p>D\u00c9ROULEMENT \u00e9dition 2018 :<br \/>\n&#8211; Du 1er Fev au 30 Sept 2018 : Inscriptions,<\/p>\n<p class=\"font_7\">&#8211; Du 1er au\u00a019 octobre 2018 : Commission d&rsquo;\u00e9coute,<br \/>\n&#8211;\u00a0Le 20 octobre 2018 : Annonce des p\u00e9pites du comit\u00e9,<br \/>\n&#8211; Du 20 oct au\u00a020 Nov 2018 : Vote des internautes,<br \/>\n&#8211; En D\u00e9c 2018 : Annonce des 3 p\u00e9pites.<\/p>\n<\/div>\n<div id=\"hylbkgdh\" class=\"txtNew\" data-packed=\"true\">\n<p class=\"font_7\">CONDITIONS\u00a0D&rsquo;INSCRIPTIONS\u00a0:<br \/>\n&#8211; Gratuit pour l&rsquo;Afrique et l&rsquo;Am\u00e9rique du Sud. Une Adh\u00e9sion de 20\u20ac est demand\u00e9e\u00a0pour les artistes install\u00e9s en Europe, Asie et Am\u00e9rique du Nord et\/ou manag\u00e9s par un repr\u00e9sentant europ\u00e9en ou vivant en Asie ou Am\u00e9rique du Nord.<br \/>\n&#8211; Les artiste devront\u00a0fournir\u00a0Contacts, 1 photo pour les repr\u00e9senter + 1 lien d\u2019\u00e9coute ou de d\u00e9couverte + une biographie,<br \/>\n&#8211; Pour les artistes qui n&rsquo;ont pas de site, nous les invitons \u00e0 partager une de leur cr\u00e9ations sur Soundcloud, Reverbnation, Youtube\u2026<\/p>\n<\/div>\n<div id=\"comp-ivl3zb9r\" class=\"txtNew\" data-packed=\"true\">\n<p class=\"font_8\"><span class=\"wixGuard\">\u200b<\/span><\/p>\n<\/div>\n<\/div>\n<\/div>\n<\/div>\n<\/div>\n<\/div>\n<\/div>\n<\/div>\n<\/div>\n<div id=\"WIX_ADS\" class=\"wix-ads-2 visible desktop\">Plus d&rsquo;info:\u00a0<a href=\"http:\/\/lereveafricain.wixsite.com\/lereveafricain\/presentation\">Le r\u00eave africain<\/a><\/div>\n","protected":false},"excerpt":{"rendered":"<p>\u200bL&rsquo;AFRO P\u00c9PITES SHOW Dans cette effusion de cr\u00e9ativit\u00e9 diffus\u00e9e par internet, Le R\u00eave Africain r\u00e9v\u00e8le 3 projets par an ! COMMUNIQUE de PRESSE 2018 Inscriptions 9\u00e8me \u00e9dition : Du 1er f\u00e9vrier au 30 septembre 2018 Chaque ann\u00e9e, le r\u00e9seau du &hellip; <a href=\"http:\/\/ayitimizik.net\/index.php\/2018\/08\/28\/appel-a-candidatures-afro-pepites-show-2018\/\">Continuer la lecture <span class=\"meta-nav\">&rarr;<\/span><\/a><\/p>\n","protected":false},"author":2,"featured_media":0,"comment_status":"closed","ping_status":"closed","sticky":false,"template":"","format":"standard","meta":[],"categories":[6,16],"tags":[],"_links":{"self":[{"href":"http:\/\/ayitimizik.net\/index.php\/wp-json\/wp\/v2\/posts\/854"}],"collection":[{"href":"http:\/\/ayitimizik.net\/index.php\/wp-json\/wp\/v2\/posts"}],"about":[{"href":"http:\/\/ayitimizik.net\/index.php\/wp-json\/wp\/v2\/types\/post"}],"author":[{"embeddable":true,"href":"http:\/\/ayitimizik.net\/index.php\/wp-json\/wp\/v2\/users\/2"}],"replies":[{"embeddable":true,"href":"http:\/\/ayitimizik.net\/index.php\/wp-json\/wp\/v2\/comments?post=854"}],"version-history":[{"count":7,"href":"http:\/\/ayitimizik.net\/index.php\/wp-json\/wp\/v2\/posts\/854\/revisions"}],"predecessor-version":[{"id":916,"href":"http:\/\/ayitimizik.net\/index.php\/wp-json\/wp\/v2\/posts\/854\/revisions\/916"}],"wp:attachment":[{"href":"http:\/\/ayitimizik.net\/index.php\/wp-json\/wp\/v2\/media?parent=854"}],"wp:term":[{"taxonomy":"category","embeddable":true,"href":"http:\/\/ayitimizik.net\/index.php\/wp-json\/wp\/v2\/categories?post=854"},{"taxonomy":"post_tag","embeddable":true,"href":"http:\/\/ayitimizik.net\/index.php\/wp-json\/wp\/v2\/tags?post=854"}],"curies":[{"name":"wp","href":"https:\/\/api.w.org\/{rel}","templated":true}]}}