{"id":764,"date":"2018-06-05T21:42:40","date_gmt":"2018-06-05T19:42:40","guid":{"rendered":"http:\/\/ayitimizik.net\/?p=764"},"modified":"2018-08-29T04:55:07","modified_gmt":"2018-08-29T02:55:07","slug":"appel-a-candidatures-residences-artistiques-a-linstitut-francais-du-maroc-ifm","status":"publish","type":"post","link":"http:\/\/ayitimizik.net\/index.php\/2018\/06\/05\/appel-a-candidatures-residences-artistiques-a-linstitut-francais-du-maroc-ifm\/","title":{"rendered":"APPEL A CANDIDATURES: R\u00e9sidences artistiques \u00e0 l\u2019Institut fran\u00e7ais du Maroc (IfM)"},"content":{"rendered":"<div class=\"row evenements\">\n<div class=\"col-md-12\">\n<div class=\"event\"><strong>Le programme de r\u00e9sidences artistiques de l\u2019Institut fran\u00e7ais du Maroc (IfM) initi\u00e9 en 2012 se poursuit avec le 7\u00e8me appel \u00e0 candidatures pour 2019.<\/strong><\/div>\n<\/div>\n<\/div>\n<p><img loading=\"lazy\" class=\"alignleft size-full wp-image-918\" src=\"http:\/\/ayitimizik.net\/wp-content\/uploads\/2018\/06\/IFMaroc.jpg\" alt=\"\" width=\"950\" height=\"579\" srcset=\"http:\/\/ayitimizik.net\/wp-content\/uploads\/2018\/06\/IFMaroc.jpg 950w, http:\/\/ayitimizik.net\/wp-content\/uploads\/2018\/06\/IFMaroc-694x423.jpg 694w, http:\/\/ayitimizik.net\/wp-content\/uploads\/2018\/06\/IFMaroc-768x468.jpg 768w, http:\/\/ayitimizik.net\/wp-content\/uploads\/2018\/06\/IFMaroc-492x300.jpg 492w\" sizes=\"(max-width: 950px) 100vw, 950px\" \/><\/p>\n<div class=\"content \">\n<p>Ce programme concerne les sites d\u2019Agadir, Casablanca, El Jadida, Essaouira, F\u00e8s, K\u00e9nitra, Mekn\u00e8s, Oujda, Tanger et T\u00e9touan et permet d\u2019accueillir une vingtaine de r\u00e9sidences chaque ann\u00e9e. Destin\u00e9 aux artistes issus de pays francophones et ouvert \u00e0 toutes les disciplines artistiques, ce programme agit au service de la cr\u00e9ation contemporaine et de la coop\u00e9ration culturelle France \u2013 Maroc pour susciter une rencontre privil\u00e9gi\u00e9e avec les acteurs culturels locaux et les publics de l\u2019IfM au travers de restitutions et d\u2019ateliers artistiques.<\/p>\n<h3>Crit\u00e8res d\u2019\u00e9ligibilit\u00e9<\/h3>\n<p>Les candidats doivent :<\/p>\n<ul>\n<li>\u00eatre engag\u00e9s dans la vie professionnelle<\/li>\n<li>\u00eatre issus d\u2019un pays francophone<\/li>\n<li>justifier de travaux ant\u00e9rieurs<\/li>\n<li>se lib\u00e9rer de leurs activit\u00e9s professionnelles durant toute la p\u00e9riode du s\u00e9jour<\/li>\n<\/ul>\n<p>Aucune limite d\u2019\u00e2ge n\u2019est impos\u00e9e.<br \/>\nUne premi\u00e8re s\u00e9lection des dossiers de candidature est effectu\u00e9e par un jury professionnel. Les projets font ensuite l\u2019objet d\u2019une seconde s\u00e9lection par les sites sollicit\u00e9s pour s\u2019assurer de la bonne ad\u00e9quation avec le contexte local. Suite \u00e0 la d\u00e9lib\u00e9ration, les r\u00e9sultats sont ensuite communiqu\u00e9s aux candidats par courrier pour les dossiers accept\u00e9s, par mail pour les refus.<\/p>\n<h3>Pour d\u00e9poser votre candidature<\/h3>\n<p>il vous faut <a href=\"https:\/\/if-maroc.org\/appel-a-candidatures\/\">compl\u00e9ter le formulaire de l\u2019appel \u00e0 r\u00e9sidences n\u00b07 <\/a>en ligne.<\/p>\n<h3>Coop\u00e9ration culturelle<\/h3>\n<p>Ce programme de r\u00e9sidence est propos\u00e9 dans le cadre de la mission de coop\u00e9ration culturelle de l\u2019IfM. Une attention particuli\u00e8re est port\u00e9e \u00e0 la capacit\u00e9 des artistes \u00e0 s\u2019enrichir de leur environnement, \u00e0 partager leurs savoirs et savoir-faire. L\u2019artiste pourra imaginer des rencontres avec les acteurs culturels locaux et\/ou des publics sp\u00e9cifiques durant le temps de r\u00e9sidence. A l\u2019issue du temps de cr\u00e9ation, une restitution publique dont le format est libre est organis\u00e9e avec l\u2019artiste.<\/p>\n<h3>Calendrier<\/h3>\n<p><strong>Date limite de candidature : 15 juillet 2018 \u00e0 minuit<\/strong><br \/>\n<strong>Examen des dossiers :<\/strong> \u00e0 partir du 15 ao\u00fbt 2018<br \/>\n<strong>Publication des r\u00e9sultats :<\/strong> \u00e0 partir du 15 septembre sur le site internet www.if-maroc.com<br \/>\n<strong>D\u00e9but des r\u00e9sidences :<\/strong> janvier 2019<br \/>\n<em>Prochaine session de candidatures printemps 2019 \u2013 R\u00e9sidences IfM 2020<\/em><\/p>\n<p>&nbsp;<\/p>\n<p><a href=\"https:\/\/if-maroc.org\/appel-a-candidatures\/\">COMPL\u00c9TEZ LE FORMULAIRE DE CANDIDATURE EN CLIQUANT ICI<\/a><\/p>\n<p><a href=\"https:\/\/if-maroc.org\/cooperation-1\/culture\/residences-de-creation-et-de-recherche\/residences-artistiques-culturelles-de-linstitut-francais-maroc\/appel-a-candidatures-programme-de-residences-artistiques\/\">https:\/\/if-maroc.org\/cooperation-1\/culture\/residences-de-creation-et-de-recherche\/residences-artistiques-culturelles-de-linstitut-francais-maroc\/appel-a-candidatures-programme-de-residences-artistiques\/<\/a><\/p>\n<\/div>\n","protected":false},"excerpt":{"rendered":"<p>Le programme de r\u00e9sidences artistiques de l\u2019Institut fran\u00e7ais du Maroc (IfM) initi\u00e9 en 2012 se poursuit avec le 7\u00e8me appel \u00e0 candidatures pour 2019. Ce programme concerne les sites d\u2019Agadir, Casablanca, El Jadida, Essaouira, F\u00e8s, K\u00e9nitra, Mekn\u00e8s, Oujda, Tanger et &hellip; <a href=\"http:\/\/ayitimizik.net\/index.php\/2018\/06\/05\/appel-a-candidatures-residences-artistiques-a-linstitut-francais-du-maroc-ifm\/\">Continuer la lecture <span class=\"meta-nav\">&rarr;<\/span><\/a><\/p>\n","protected":false},"author":2,"featured_media":0,"comment_status":"closed","ping_status":"closed","sticky":false,"template":"","format":"standard","meta":[],"categories":[6,17],"tags":[],"_links":{"self":[{"href":"http:\/\/ayitimizik.net\/index.php\/wp-json\/wp\/v2\/posts\/764"}],"collection":[{"href":"http:\/\/ayitimizik.net\/index.php\/wp-json\/wp\/v2\/posts"}],"about":[{"href":"http:\/\/ayitimizik.net\/index.php\/wp-json\/wp\/v2\/types\/post"}],"author":[{"embeddable":true,"href":"http:\/\/ayitimizik.net\/index.php\/wp-json\/wp\/v2\/users\/2"}],"replies":[{"embeddable":true,"href":"http:\/\/ayitimizik.net\/index.php\/wp-json\/wp\/v2\/comments?post=764"}],"version-history":[{"count":6,"href":"http:\/\/ayitimizik.net\/index.php\/wp-json\/wp\/v2\/posts\/764\/revisions"}],"predecessor-version":[{"id":952,"href":"http:\/\/ayitimizik.net\/index.php\/wp-json\/wp\/v2\/posts\/764\/revisions\/952"}],"wp:attachment":[{"href":"http:\/\/ayitimizik.net\/index.php\/wp-json\/wp\/v2\/media?parent=764"}],"wp:term":[{"taxonomy":"category","embeddable":true,"href":"http:\/\/ayitimizik.net\/index.php\/wp-json\/wp\/v2\/categories?post=764"},{"taxonomy":"post_tag","embeddable":true,"href":"http:\/\/ayitimizik.net\/index.php\/wp-json\/wp\/v2\/tags?post=764"}],"curies":[{"name":"wp","href":"https:\/\/api.w.org\/{rel}","templated":true}]}}