{"id":762,"date":"2018-05-07T23:42:05","date_gmt":"2018-05-07T21:42:05","guid":{"rendered":"http:\/\/ayitimizik.net\/?p=762"},"modified":"2018-08-29T04:55:36","modified_gmt":"2018-08-29T02:55:36","slug":"appel-a-candidatures-programme-courants-du-monde","status":"publish","type":"post","link":"http:\/\/ayitimizik.net\/index.php\/2018\/05\/07\/appel-a-candidatures-programme-courants-du-monde\/","title":{"rendered":"APPEL A CANDIDATURES: Programme \u00ab\u00a0Courants du monde\u00a0\u00bb"},"content":{"rendered":"<div><img loading=\"lazy\" class=\"alignleft size-full wp-image-920\" src=\"http:\/\/ayitimizik.net\/wp-content\/uploads\/2018\/05\/Programme-Courants.jpg\" alt=\"\" width=\"950\" height=\"747\" srcset=\"http:\/\/ayitimizik.net\/wp-content\/uploads\/2018\/05\/Programme-Courants.jpg 950w, http:\/\/ayitimizik.net\/wp-content\/uploads\/2018\/05\/Programme-Courants-538x423.jpg 538w, http:\/\/ayitimizik.net\/wp-content\/uploads\/2018\/05\/Programme-Courants-768x604.jpg 768w, http:\/\/ayitimizik.net\/wp-content\/uploads\/2018\/05\/Programme-Courants-382x300.jpg 382w\" sizes=\"(max-width: 950px) 100vw, 950px\" \/><\/div>\n<div class=\"\"><span class=\"\">Dans le cadre de ses programmes d\u2019accueil de professionnels de la culture \u00e9trangers,\u00a0<\/span><span class=\"\">le minist\u00e8re de la Culture fran\u00e7ais propose le programme \u00ab Courants du monde \u00bb, s\u00e9minaires\u00a0<\/span><span class=\"\">collectifs et th\u00e9matiques d\u2019une dur\u00e9e de 10 jours pour des professionnels de la culture\u00a0<\/span><span class=\"\">\u00e9trangers.<\/span><\/div>\n<div class=\"\"><span class=\"\">\u00a0<\/span><\/div>\n<div class=\"\"><span class=\"\">Les s\u00e9minaires francophones se d\u00e9rouleront \u00e0 l&rsquo;automne 2018 :<\/span><\/div>\n<div class=\"\"><span class=\"\">&#8211;\u00a0\u00a0\u00a0\u00a0\u00a0\u00a0 <\/span><span class=\"\">La culture et l&rsquo;art dans l&rsquo;espace public : du 9 au 18 octobre 2018<\/span><\/div>\n<div class=\"\"><span class=\"\">&#8211;\u00a0\u00a0\u00a0\u00a0\u00a0\u00a0 <\/span><span class=\"\">Coop\u00e9rer et cr\u00e9er dans le monde francophone : du 9 au 18 octobre 2018<\/span><\/div>\n<div class=\"\"><span class=\"\">&#8211;\u00a0\u00a0\u00a0\u00a0\u00a0\u00a0 <\/span><span class=\"\">Conception et organisation d&rsquo;exposition : 12 au 21 novembre 2018<\/span><\/div>\n<div class=\"\"><span class=\"\">\u00a0 \u00a0\u00a0<\/span><span class=\"\">\u00a0<\/span><\/div>\n<div class=\"\"><b class=\"\"><u class=\"\"><span class=\"\">Les dossiers doivent \u00eatre d\u00e9pos\u00e9s \u00e0 l\u2019Institut Fran\u00e7ais en Ha\u00efti le jeudi 7 juin au plus tard\u00a0!!!<\/span><\/u><\/b><\/div>\n<div class=\"\"><span class=\"\">\u00a0<\/span><\/div>\n<div class=\"\"><span class=\"\">Le programme \u00ab Courants du monde \u00bb se compose de s\u00e9minaires collectifs et de\u00a0<\/span><span class=\"\">rendez-vous individualis\u00e9s organis\u00e9s sur une p\u00e9riode de 10 jours.<\/span><\/div>\n<div class=\"\"><span class=\"\">\u00a0<\/span><\/div>\n<div class=\"\"><span class=\"\">Con\u00e7u autour de session th\u00e9oriques et pratiques, ce programme permet aux\u00a0<\/span><span class=\"\">professionnels \u00e9trangers de collecter de l\u2019information pertinente en lien avec leur\u00a0<\/span><span class=\"\">propres enjeux professionnels, d\u2019observer la diversit\u00e9 des r\u00e9ponses des structures\u00a0<\/span><span class=\"\">fran\u00e7aises \u00e0 des probl\u00e9matiques communes, de partager savoir-faire et expertise en\u00a0<\/span><span class=\"\">r\u00e9ponse \u00e0 ces probl\u00e9matiques tant avec les professionnels fran\u00e7ais qu\u2019avec les autres\u00a0<\/span><span class=\"\">participants au programme, et de se constituer un r\u00e9seau durable d\u2019interlocuteurs\u00a0<\/span><span class=\"\">participants au programme, et de se constituer un r\u00e9seau durable d\u2019interlocuteurs\u00a0<\/span><span class=\"\">professionnels, fran\u00e7ais comme \u00e9trangers.<\/span><\/div>\n<div class=\"\"><span class=\"\">\u00a0<\/span><\/div>\n<div class=\"\"><span class=\"\">Dans ce cadre, le minist\u00e8re de la Culture propose trois s\u00e9minaires adress\u00e9s \u00e0 des<\/span><\/div>\n<div class=\"\"><b class=\"\"><span class=\"\">professionnels francophones confirm\u00e9s :<\/span><\/b><\/div>\n<div class=\"\"><span class=\"\">\u25cf La culture et l&rsquo;art dans l&rsquo;espace public : du 9 au 18 octobre 2018<\/span><\/div>\n<div class=\"\"><span class=\"\">\u25cf Coop\u00e9rer et cr\u00e9er dans le monde francophone : du 9 au 18 octobre 2018<\/span><\/div>\n<div class=\"\"><span class=\"\">\u25cf Conception et organisation d&rsquo;exposition : 12 au 21 novembre 2018<\/span><\/div>\n<div class=\"\"><span class=\"\">\u00a0<\/span><\/div>\n<div class=\"\"><span class=\"\">A noter que le minist\u00e8re de la Culture fran\u00e7ais prend en charge :<\/span><\/div>\n<div class=\"\"><span class=\"\">&#8211; Les frais de s\u00e9jour en France des professionnels \u00e9trangers (h\u00e9bergement,<\/span><\/div>\n<div class=\"\"><span class=\"\">restauration) ;<\/span><\/div>\n<div class=\"\"><span class=\"\">&#8211; Les d\u00e9placements en France ;<\/span><\/div>\n<div class=\"\"><span class=\"\">&#8211; La couverture sociale ;<\/span><\/div>\n<div class=\"\"><span class=\"\">&#8211; Les frais p\u00e9dagogiques.<\/span><\/div>\n<div class=\"\"><span class=\"\">\u00a0<\/span><\/div>\n<div class=\"\"><b class=\"\"><u class=\"\"><span class=\"\">La prise en charge du transport du pays de r\u00e9sidence vers la France sera quant \u00e0\u00a0<\/span><\/u><\/b><b class=\"\"><u class=\"\"><span class=\"\">elle \u00e0 la charge des candidats, de leur employeur, ou d\u2019autres partenaires.<\/span><\/u><\/b><\/div>\n<div class=\"\"><span class=\"\">\u00a0<\/span><\/div>\n<div class=\"\"><span class=\"\">Le dossier de candidature et tous les \u00e9l\u00e9ments de pr\u00e9sentation sont<\/span><\/div>\n<div class=\"\"><span class=\"\">t\u00e9l\u00e9chargeables sur le site du minist\u00e8re de la Culture \u00e0 l\u2019adresse :<\/span><\/div>\n<div class=\"\"><span class=\"\"><a class=\"\" href=\"http:\/\/www.culture.gouv.fr\/Thematiques\/Europe-et-international\/Accueil-etformation\">http:\/\/www.culture.gouv.fr\/Thematiques\/Europe-et-international\/Accueil-etformation<\/a><\/span><\/div>\n","protected":false},"excerpt":{"rendered":"<p>Dans le cadre de ses programmes d\u2019accueil de professionnels de la culture \u00e9trangers,\u00a0le minist\u00e8re de la Culture fran\u00e7ais propose le programme \u00ab Courants du monde \u00bb, s\u00e9minaires\u00a0collectifs et th\u00e9matiques d\u2019une dur\u00e9e de 10 jours pour des professionnels de la culture\u00a0\u00e9trangers. &hellip; <a href=\"http:\/\/ayitimizik.net\/index.php\/2018\/05\/07\/appel-a-candidatures-programme-courants-du-monde\/\">Continuer la lecture <span class=\"meta-nav\">&rarr;<\/span><\/a><\/p>\n","protected":false},"author":2,"featured_media":0,"comment_status":"closed","ping_status":"closed","sticky":false,"template":"","format":"standard","meta":[],"categories":[6,18],"tags":[],"_links":{"self":[{"href":"http:\/\/ayitimizik.net\/index.php\/wp-json\/wp\/v2\/posts\/762"}],"collection":[{"href":"http:\/\/ayitimizik.net\/index.php\/wp-json\/wp\/v2\/posts"}],"about":[{"href":"http:\/\/ayitimizik.net\/index.php\/wp-json\/wp\/v2\/types\/post"}],"author":[{"embeddable":true,"href":"http:\/\/ayitimizik.net\/index.php\/wp-json\/wp\/v2\/users\/2"}],"replies":[{"embeddable":true,"href":"http:\/\/ayitimizik.net\/index.php\/wp-json\/wp\/v2\/comments?post=762"}],"version-history":[{"count":2,"href":"http:\/\/ayitimizik.net\/index.php\/wp-json\/wp\/v2\/posts\/762\/revisions"}],"predecessor-version":[{"id":921,"href":"http:\/\/ayitimizik.net\/index.php\/wp-json\/wp\/v2\/posts\/762\/revisions\/921"}],"wp:attachment":[{"href":"http:\/\/ayitimizik.net\/index.php\/wp-json\/wp\/v2\/media?parent=762"}],"wp:term":[{"taxonomy":"category","embeddable":true,"href":"http:\/\/ayitimizik.net\/index.php\/wp-json\/wp\/v2\/categories?post=762"},{"taxonomy":"post_tag","embeddable":true,"href":"http:\/\/ayitimizik.net\/index.php\/wp-json\/wp\/v2\/tags?post=762"}],"curies":[{"name":"wp","href":"https:\/\/api.w.org\/{rel}","templated":true}]}}