{"id":752,"date":"2018-03-22T16:51:47","date_gmt":"2018-03-22T15:51:47","guid":{"rendered":"http:\/\/ayitimizik.net\/?p=752"},"modified":"2018-09-12T20:22:21","modified_gmt":"2018-09-12T18:22:21","slug":"annonce-aux-membres-et-partenaires-de-ayiti-mizik","status":"publish","type":"post","link":"http:\/\/ayitimizik.net\/index.php\/2018\/03\/22\/annonce-aux-membres-et-partenaires-de-ayiti-mizik\/","title":{"rendered":"ANNONCE : Aux membres et partenaires de Ayiti Mizik"},"content":{"rendered":"<p><img loading=\"lazy\" class=\"alignleft size-medium wp-image-197\" src=\"http:\/\/ayitimizik.net\/wp-content\/uploads\/2016\/07\/logotype_Ayiti-Mizik-300x161.png\" alt=\"\" width=\"300\" height=\"161\" srcset=\"http:\/\/ayitimizik.net\/wp-content\/uploads\/2016\/07\/logotype_Ayiti-Mizik-300x161.png 300w, http:\/\/ayitimizik.net\/wp-content\/uploads\/2016\/07\/logotype_Ayiti-Mizik.png 586w\" sizes=\"(max-width: 300px) 100vw, 300px\" \/>Port-au-Prince, 15 mars 2018<\/p>\n<p><strong>Ayiti Mizik<\/strong> informe ses membres, ses partenaires, la presse et le public en g\u00e9n\u00e9ral des perspectives de l\u2019association pour l\u2019ann\u00e9e 2018.<\/p>\n<p>Pour des raisons \u00e9conomiques, l\u2019association a d\u00fb fermer le Centre de Ressources pour la musique, <strong>Kay Mizik La<\/strong>, qu\u2019elle avait ouvert six plus t\u00f4t, en 2012, et qui avait \u00e9t\u00e9 h\u00e9berg\u00e9 sur Lalue, au Bas Peu de Chose, puis dans les locaux du Villate.<\/p>\n<p>Les partitions et guides pratiques ont \u00e9t\u00e9 remis \u00e0 la biblioth\u00e8que du Coll\u00e8ge Cats Pressoir. Les ouvrages techniques, biographies, documentaires, etc. ont \u00e9t\u00e9 d\u00e9pos\u00e9s au <strong>Centre culturel Br\u00e9sil-Ha\u00efti\u00a0<\/strong>; ils restent \u00e0 la disposition des membres au 168, angles des rues Darguin et Goulard, Place Boyer, P\u00e9tion-ville (horaires de consultation\u00a0: de 9am \u00e0 5pm du lundi au vendredi\u00a0; de 9am \u00e0 12pm le samedi).<\/p>\n<p>Pour les correspondances, le si\u00e8ge officiel de l\u2019association a \u00e9t\u00e9 transf\u00e9r\u00e9 au 14A, impasse Dominique, Delmas 50.<\/p>\n<p>L\u2019adresse \u00e9lectronique reste inchang\u00e9e\u00a0: <a href=\"mailto:info@ayitimizik.ht\">info@ayitimizik.ht<\/a><\/p>\n<p>L\u2019ann\u00e9e 2017 a \u00e9t\u00e9 consacr\u00e9e \u00e0 l\u2019\u00e9laboration de la Cartographie de l\u2019industrie ha\u00eftienne de la musique. Ce travail a permis de faire un \u00e9tat des lieux du secteur de la musique en Ha\u00efti et de recueillir les recommandations des professionnels impliqu\u00e9s en Ha\u00efti et dans la diaspora. A partir de ce constat, Ayiti Mizik a commenc\u00e9 \u00e0 construire un plan d\u2019action qu\u2019elle poursuivra tout au long de l\u2019ann\u00e9e afin de proposer de nouvelles activit\u00e9s qui soient en ad\u00e9quation avec les recommandations \u00e9mises et les moyens qu\u2019elle pourra rassembler.<\/p>\n<p>Dans ce cadre, les r\u00e9unions r\u00e9guli\u00e8res de l\u2019association reprendront \u00e0 partir du mois d\u2019avril au Centre culturel Br\u00e9sil-Ha\u00efti.<\/p>\n<p>Tous les membres de l\u2019association \u00e0 jour de cotisation sont invit\u00e9s \u00e0 participer \u00e0 ces r\u00e9unions.<\/p>\n<p>Le comit\u00e9 ex\u00e9cutif de l\u2019association remercie l\u2019ensemble de ses membres et partenaires pour leur confiance et leur soutien continu.<\/p>\n<p>&nbsp;<\/p>\n<p>Ayiti Mizik<\/p>\n<p>Tel\u00a0: +509 23 13 11 43<\/p>\n<p>Email\u00a0: <a href=\"mailto:info@ayitimizik.ht\">info@ayitimizik.ht<\/a><\/p>\n","protected":false},"excerpt":{"rendered":"<p>Port-au-Prince, 15 mars 2018 Ayiti Mizik informe ses membres, ses partenaires, la presse et le public en g\u00e9n\u00e9ral des perspectives de l\u2019association pour l\u2019ann\u00e9e 2018. Pour des raisons \u00e9conomiques, l\u2019association a d\u00fb fermer le Centre de Ressources pour la musique, &hellip; <a href=\"http:\/\/ayitimizik.net\/index.php\/2018\/03\/22\/annonce-aux-membres-et-partenaires-de-ayiti-mizik\/\">Continuer la lecture <span class=\"meta-nav\">&rarr;<\/span><\/a><\/p>\n","protected":false},"author":2,"featured_media":0,"comment_status":"closed","ping_status":"closed","sticky":false,"template":"","format":"standard","meta":[],"categories":[14,13],"tags":[],"_links":{"self":[{"href":"http:\/\/ayitimizik.net\/index.php\/wp-json\/wp\/v2\/posts\/752"}],"collection":[{"href":"http:\/\/ayitimizik.net\/index.php\/wp-json\/wp\/v2\/posts"}],"about":[{"href":"http:\/\/ayitimizik.net\/index.php\/wp-json\/wp\/v2\/types\/post"}],"author":[{"embeddable":true,"href":"http:\/\/ayitimizik.net\/index.php\/wp-json\/wp\/v2\/users\/2"}],"replies":[{"embeddable":true,"href":"http:\/\/ayitimizik.net\/index.php\/wp-json\/wp\/v2\/comments?post=752"}],"version-history":[{"count":2,"href":"http:\/\/ayitimizik.net\/index.php\/wp-json\/wp\/v2\/posts\/752\/revisions"}],"predecessor-version":[{"id":756,"href":"http:\/\/ayitimizik.net\/index.php\/wp-json\/wp\/v2\/posts\/752\/revisions\/756"}],"wp:attachment":[{"href":"http:\/\/ayitimizik.net\/index.php\/wp-json\/wp\/v2\/media?parent=752"}],"wp:term":[{"taxonomy":"category","embeddable":true,"href":"http:\/\/ayitimizik.net\/index.php\/wp-json\/wp\/v2\/categories?post=752"},{"taxonomy":"post_tag","embeddable":true,"href":"http:\/\/ayitimizik.net\/index.php\/wp-json\/wp\/v2\/tags?post=752"}],"curies":[{"name":"wp","href":"https:\/\/api.w.org\/{rel}","templated":true}]}}