{"id":746,"date":"2018-03-19T14:15:32","date_gmt":"2018-03-19T13:15:32","guid":{"rendered":"http:\/\/ayitimizik.net\/?p=746"},"modified":"2021-05-11T00:10:47","modified_gmt":"2021-05-10T22:10:47","slug":"appel-a-candidatures-prix-rfi-2018","status":"publish","type":"post","link":"http:\/\/ayitimizik.net\/index.php\/2018\/03\/19\/appel-a-candidatures-prix-rfi-2018\/","title":{"rendered":"APPEL A CANDIDATURES : Prix D\u00e9couvertes RFI 2018"},"content":{"rendered":"<div class=\"article__intro\">\n<p><img loading=\"lazy\" class=\"alignleft size-medium wp-image-747\" src=\"http:\/\/ayitimizik.net\/wp-content\/uploads\/2018\/03\/prix_decouvertes-inscription_1024x576_0-753x423.jpg\" alt=\"\" width=\"753\" height=\"423\" srcset=\"http:\/\/ayitimizik.net\/wp-content\/uploads\/2018\/03\/prix_decouvertes-inscription_1024x576_0-753x423.jpg 753w, http:\/\/ayitimizik.net\/wp-content\/uploads\/2018\/03\/prix_decouvertes-inscription_1024x576_0-768x432.jpg 768w, http:\/\/ayitimizik.net\/wp-content\/uploads\/2018\/03\/prix_decouvertes-inscription_1024x576_0.jpg 982w\" sizes=\"(max-width: 753px) 100vw, 753px\" \/><\/p>\n<p>C&rsquo;est parti pour l&rsquo;\u00e9dition 2018 du Prix D\u00e9couvertes RFI !<\/p>\n<\/div>\n<div class=\"article__corps\">\n<p class=\"rtejustify\">Depuis 1981, le<strong> Prix D\u00e9couvertes RFI<\/strong> met en avant les nouveaux talents musicaux du continent africain. Cette ann\u00e9e, vous avez la possibilit\u00e9 de succ\u00e9der \u00e0 nos prestigieux laur\u00e9ats qui ont depuis conquis un public international: <strong>Tiken Jah Fakoly<\/strong> (C\u00f4te d\u2019Ivoire), <strong>Amadou et Mariam<\/strong> (Mali), <strong>Rokia Traor\u00e9<\/strong>(Mali), <strong>Didier Awadi<\/strong> (S\u00e9n\u00e9gal), <strong>Soul Bang\u2019s<\/strong> (Guin\u00e9e), <strong>Marema<\/strong> (S\u00e9n\u00e9gal) ou encore&nbsp;<strong>M\u2019Bouill\u00e9 Koit\u00e9 <\/strong>(Mali).<\/p>\n<p class=\"rtejustify\">Inscrivez-vous d\u00e8s maintenant <em><strong><a href=\"http:\/\/musique.rfi.fr\/prix-decouvertes\/inscription\">en cliquant ici<\/a><\/strong><\/em>.<\/p>\n<p><a href=\"http:\/\/musique.rfi.fr\/musique\/20180315-prix-decouvertes-rfi-2018-ouverture-inscriptions\">http:\/\/musique.rfi.fr\/musique\/20180315-prix-decouvertes-rfi-2018-ouverture-inscriptions<\/a><\/p>\n<\/div>\n","protected":false},"excerpt":{"rendered":"<p>C&rsquo;est parti pour l&rsquo;\u00e9dition 2018 du Prix D\u00e9couvertes RFI ! Depuis 1981, le Prix D\u00e9couvertes RFI met en avant les nouveaux talents musicaux du continent africain. Cette ann\u00e9e, vous avez la possibilit\u00e9 de succ\u00e9der \u00e0 nos prestigieux laur\u00e9ats qui ont &hellip; <a href=\"http:\/\/ayitimizik.net\/index.php\/2018\/03\/19\/appel-a-candidatures-prix-rfi-2018\/\">Continuer la lecture <span class=\"meta-nav\">&rarr;<\/span><\/a><\/p>\n","protected":false},"author":2,"featured_media":0,"comment_status":"closed","ping_status":"closed","sticky":false,"template":"","format":"standard","meta":[],"categories":[6,16],"tags":[],"_links":{"self":[{"href":"http:\/\/ayitimizik.net\/index.php\/wp-json\/wp\/v2\/posts\/746"}],"collection":[{"href":"http:\/\/ayitimizik.net\/index.php\/wp-json\/wp\/v2\/posts"}],"about":[{"href":"http:\/\/ayitimizik.net\/index.php\/wp-json\/wp\/v2\/types\/post"}],"author":[{"embeddable":true,"href":"http:\/\/ayitimizik.net\/index.php\/wp-json\/wp\/v2\/users\/2"}],"replies":[{"embeddable":true,"href":"http:\/\/ayitimizik.net\/index.php\/wp-json\/wp\/v2\/comments?post=746"}],"version-history":[{"count":2,"href":"http:\/\/ayitimizik.net\/index.php\/wp-json\/wp\/v2\/posts\/746\/revisions"}],"predecessor-version":[{"id":1841,"href":"http:\/\/ayitimizik.net\/index.php\/wp-json\/wp\/v2\/posts\/746\/revisions\/1841"}],"wp:attachment":[{"href":"http:\/\/ayitimizik.net\/index.php\/wp-json\/wp\/v2\/media?parent=746"}],"wp:term":[{"taxonomy":"category","embeddable":true,"href":"http:\/\/ayitimizik.net\/index.php\/wp-json\/wp\/v2\/categories?post=746"},{"taxonomy":"post_tag","embeddable":true,"href":"http:\/\/ayitimizik.net\/index.php\/wp-json\/wp\/v2\/tags?post=746"}],"curies":[{"name":"wp","href":"https:\/\/api.w.org\/{rel}","templated":true}]}}