{"id":741,"date":"2018-03-16T13:05:37","date_gmt":"2018-03-16T12:05:37","guid":{"rendered":"http:\/\/ayitimizik.net\/?p=741"},"modified":"2018-08-29T03:42:19","modified_gmt":"2018-08-29T01:42:19","slug":"appel-a-candidatures-u40-empowered-creativite-numerique-et-jeunes-entrepreneuses","status":"publish","type":"post","link":"http:\/\/ayitimizik.net\/index.php\/2018\/03\/16\/appel-a-candidatures-u40-empowered-creativite-numerique-et-jeunes-entrepreneuses\/","title":{"rendered":"APPEL A CANDIDATURES : U40 Empowered, cr\u00e9ativit\u00e9 num\u00e9rique et jeunes entrepreneuses"},"content":{"rendered":"<p><img loading=\"lazy\" class=\"alignleft size-full wp-image-927\" src=\"http:\/\/ayitimizik.net\/wp-content\/uploads\/2018\/03\/U40_empowered_final_blue_fr.png\" alt=\"\" width=\"945\" height=\"585\" srcset=\"http:\/\/ayitimizik.net\/wp-content\/uploads\/2018\/03\/U40_empowered_final_blue_fr.png 945w, http:\/\/ayitimizik.net\/wp-content\/uploads\/2018\/03\/U40_empowered_final_blue_fr-683x423.png 683w, http:\/\/ayitimizik.net\/wp-content\/uploads\/2018\/03\/U40_empowered_final_blue_fr-768x475.png 768w, http:\/\/ayitimizik.net\/wp-content\/uploads\/2018\/03\/U40_empowered_final_blue_fr-485x300.png 485w\" sizes=\"(max-width: 945px) 100vw, 945px\" \/><br \/>\n\u00ab\u00a0U40 Em<em>powered<\/em>\u00a0: cr\u00e9ativit\u00e9 num\u00e9rique et jeunes entrepreneuses\u00a0\u00bb est une initiative de l\u2019UNESCO qui\u00a0commence en 2018 avec le soutien de Sabrina Ho et qui \u00e9tend le champ d\u2019action du Fonds international pour la diversit\u00e9 culturelle (FIDC).<\/p>\n<p>Cet appel soutient des projets d\u2019ONG nationales et internationales qui promeuvent les jeunes entrepreneuses dans les industries de cr\u00e9ation num\u00e9rique.<\/p>\n<p>Con\u00e7ue pour favoriser l\u2019acc\u00e8s aux financements, infrastructures, \u00e9quipements et opportunit\u00e9s de co-production des industries de cr\u00e9ation num\u00e9rique, l\u2019initiative s\u2019adresse aux entrepreneuses de moins de 40 ans. \u00ab\u00a0U40 Em<i>powered<\/i> \u00bb soutiendra \u00e9galement les besoins, aspirations, capacit\u00e9s et contributions des femmes.<\/p>\n<p>Gr\u00e2ce au soutien de \u00ab\u00a0U40 Em<em>powered<\/em>\u00a0\u00bb, de nouvelles opportunit\u00e9s pour de\u00a0jeunes entrepreneuses s&rsquo;ouvriront afin de r\u00e9aliser leur potentiel\u00a0dans les industries de cr\u00e9ation num\u00e9rique.<\/p>\n<p>Veuillez noter que les propositions de projets soumises dans le cadre de cet appel doivent \u00eatre conformes aux crit\u00e8res sp\u00e9cifiques, seront \u00e9valu\u00e9es par un Groupe d\u2019experts ind\u00e9pendants et seront approuv\u00e9es directement par Mme Sabrina Ho.<\/p>\n<h4>Conditions pour l&rsquo;U40 Em<em>powered<\/em>\u2193<\/h4>\n<p>&nbsp;<\/p>\n<table border=\"1\" width=\"100%\" cellspacing=\"0\" cellpadding=\"10px\">\n<tbody>\n<tr>\n<td>\n<p align=\"left\"><b>Type de demandeur<\/b><\/p>\n<\/td>\n<td>&nbsp;<\/p>\n<ul>\n<li><strong>Les organisations non gouvernementales (ONG) de <a href=\"https:\/\/fr.unesco.org\/creativity\/sites\/creativity\/files\/liste_pays_eligibles_fr_2018.pdf\">pays \u00e9ligibles<\/a><u>(pays en d\u00e9veloppement Parties \u00e0 la Convention de 2005)<\/u><\/strong>\u00a0: les ONG qui, selon leur l\u00e9gislation\u00a0nationale, sont non gouvernementales et \u00e0 but non lucratif et qui r\u00e9pondent \u00e0 la d\u00e9finition de la soci\u00e9t\u00e9 civile figurant dans les <a href=\"http:\/\/unesdoc.unesco.org\/images\/0026\/002607\/260710f.pdf#page=17\"><u>directives op\u00e9rationnelles<\/u><\/a>.<\/li>\n<\/ul>\n<ul>\n<li><strong>Les organisations internationales non gouvernementales (OING) enregistr\u00e9es dans des <a href=\"https:\/\/fr.unesco.org\/creativity\/convention\/parties\"><u>pays Parties \u00e0 la Convention de 2005 <\/u><\/a><\/strong>: les OING\u00a0qui r\u00e9pondent \u00e0 la d\u00e9finition de la soci\u00e9t\u00e9 civile figurant dans les <a href=\"http:\/\/unesdoc.unesco.org\/images\/0026\/002607\/260710f.pdf#page=17\"><u>directives op\u00e9rationnelles<\/u><\/a> et qui pr\u00e9sentent des projets ayant un impact aux niveaux sous-r\u00e9gional, r\u00e9gional ou inter-r\u00e9gional.<\/li>\n<\/ul>\n<p>Note: Les autorit\u00e9s publiques et institutions, individus, organisations d\u2019int\u00e9gration r\u00e9gionale et\/ou PME ne sont pas \u00e9ligibles \u00e0 financement.<\/td>\n<\/tr>\n<tr>\n<td>\n<p align=\"left\"><b>Pays b\u00e9n\u00e9ficiaire(s)<\/b><\/p>\n<\/td>\n<td>Les projets doivent \u00eatre <strong>mis en \u0153uvre dans et\/ou b\u00e9n\u00e9ficier aux\u00a0<a href=\"https:\/\/fr.unesco.org\/creativity\/sites\/creativity\/files\/liste_pays_eligibles_fr_2018.pdf\"><u>pays \u00e9ligibles<\/u><\/a> exclusivement<\/strong> (pays en d\u00e9veloppement Parties \u00e0 la Convention de 2005).<\/p>\n<p><em>Note pour les <\/em>OING<em>:<\/em><\/p>\n<p>Les projets soumis par les OING doivent b\u00e9n\u00e9ficier \u00e0 deux (2) pays \u00e9ligibles ou plus et d\u00e9montrer avoir un impact sous-r\u00e9gional, r\u00e9gional ou inter-r\u00e9gional.<\/td>\n<\/tr>\n<tr>\n<td>\n<p align=\"left\"><b>P\u00e9riode de mise en \u0153uvre <\/b><\/p>\n<\/td>\n<td>La p\u00e9riode de mise en oeuvre doit \u00eatre comprise entre <b>12 et 24 mois<\/b>. Les projets doivent commencer \u00e0 la date indiqu\u00e9e dans <a href=\"https:\/\/en.unesco.org\/creativity\/sites\/creativity\/files\/appel_empowered_fr_0.pdf\"><b><u>l\u2019appel<\/u><\/b><\/a>.<\/td>\n<\/tr>\n<tr>\n<td>\n<p align=\"left\"><strong>Domaines d\u2019intervention<\/strong><\/p>\n<p>&nbsp;<\/p>\n<p>&nbsp;<\/td>\n<td>\u00ab\u00a0U40 E<em>mpowered<\/em>\u00a0\u00bb\u00a0 financera des projets qui :<\/p>\n<ul>\n<li>D\u00e9veloppent et\/ou mettent en \u0153uvre des strat\u00e9gies pour les entrepreneuses des industries de cr\u00e9ation num\u00e9rique ;<\/li>\n<li>Cr\u00e9ent des r\u00e9seaux et opportunit\u00e9s d\u2019innovation et de collaboration pour les femmes de moins de 40 ans\u00a0dans les industries de cr\u00e9ation num\u00e9rique ;<\/li>\n<li>Organisent des programmes de mentorat men\u00e9s par, et ciblant, des femmes de moins de 40 ans, en partenariat avec des centres, incubateurs et groupes de cr\u00e9ation num\u00e9rique ;<\/li>\n<li>Donnent de la visibilit\u00e9 au travail et aux innovations des entrepreneuses de moins de 40 ans\u00a0dans les industries de cr\u00e9ation num\u00e9rique ;<\/li>\n<li>Renforcent les capacit\u00e9s num\u00e9riques de professionnelles\u00a0de moins de 40 ans de l\u2019industrie cr\u00e9ative ;<\/li>\n<li>Collectent et analysent des donn\u00e9es sexo sp\u00e9cifiques afin de mieux comprendre les causes sous-jacentes de l\u2019in\u00e9galit\u00e9 entre les genres dans les industries de cr\u00e9ation num\u00e9rique et ainsi informer l\u2019\u00e9laboration de\u00a0politiques.<\/li>\n<\/ul>\n<\/td>\n<\/tr>\n<tr>\n<td>\n<p align=\"left\"><b>Montant demand\u00e9 <\/b><\/p>\n<\/td>\n<td>Le montant maximal qui peut \u00eatre demand\u00e9 est de <b>100\u00a0000 $ E.U.<\/b><\/td>\n<\/tr>\n<tr>\n<td>\n<p align=\"left\"><b>Budget et D\u00e9penses<\/b><\/p>\n<\/td>\n<td>Les d\u00e9penses concernant les frais g\u00e9n\u00e9raux li\u00e9s au projet sont limit\u00e9es \u00e0 un maximum de 30% du budget total du projet.<\/td>\n<\/tr>\n<tr>\n<td><b>Langue<\/b><\/td>\n<td>La demande de financement et les documents compl\u00e9mentaires doivent \u00eatre en anglais ou en fran\u00e7ais.<\/td>\n<\/tr>\n<\/tbody>\n<\/table>\n<p><a href=\"https:\/\/fr.unesco.org\/creativity\/ifcd\/apply\/empowered-requirements\">https:\/\/fr.unesco.org\/creativity\/ifcd\/apply\/empowered-requirements<\/a><\/p>\n","protected":false},"excerpt":{"rendered":"<p>\u00ab\u00a0U40 Empowered\u00a0: cr\u00e9ativit\u00e9 num\u00e9rique et jeunes entrepreneuses\u00a0\u00bb est une initiative de l\u2019UNESCO qui\u00a0commence en 2018 avec le soutien de Sabrina Ho et qui \u00e9tend le champ d\u2019action du Fonds international pour la diversit\u00e9 culturelle (FIDC). Cet appel soutient des projets &hellip; <a href=\"http:\/\/ayitimizik.net\/index.php\/2018\/03\/16\/appel-a-candidatures-u40-empowered-creativite-numerique-et-jeunes-entrepreneuses\/\">Continuer la lecture <span class=\"meta-nav\">&rarr;<\/span><\/a><\/p>\n","protected":false},"author":2,"featured_media":0,"comment_status":"closed","ping_status":"closed","sticky":false,"template":"","format":"standard","meta":[],"categories":[6],"tags":[],"_links":{"self":[{"href":"http:\/\/ayitimizik.net\/index.php\/wp-json\/wp\/v2\/posts\/741"}],"collection":[{"href":"http:\/\/ayitimizik.net\/index.php\/wp-json\/wp\/v2\/posts"}],"about":[{"href":"http:\/\/ayitimizik.net\/index.php\/wp-json\/wp\/v2\/types\/post"}],"author":[{"embeddable":true,"href":"http:\/\/ayitimizik.net\/index.php\/wp-json\/wp\/v2\/users\/2"}],"replies":[{"embeddable":true,"href":"http:\/\/ayitimizik.net\/index.php\/wp-json\/wp\/v2\/comments?post=741"}],"version-history":[{"count":4,"href":"http:\/\/ayitimizik.net\/index.php\/wp-json\/wp\/v2\/posts\/741\/revisions"}],"predecessor-version":[{"id":928,"href":"http:\/\/ayitimizik.net\/index.php\/wp-json\/wp\/v2\/posts\/741\/revisions\/928"}],"wp:attachment":[{"href":"http:\/\/ayitimizik.net\/index.php\/wp-json\/wp\/v2\/media?parent=741"}],"wp:term":[{"taxonomy":"category","embeddable":true,"href":"http:\/\/ayitimizik.net\/index.php\/wp-json\/wp\/v2\/categories?post=741"},{"taxonomy":"post_tag","embeddable":true,"href":"http:\/\/ayitimizik.net\/index.php\/wp-json\/wp\/v2\/tags?post=741"}],"curies":[{"name":"wp","href":"https:\/\/api.w.org\/{rel}","templated":true}]}}