{"id":732,"date":"2018-03-06T14:42:22","date_gmt":"2018-03-06T13:42:22","guid":{"rendered":"http:\/\/ayitimizik.net\/?p=732"},"modified":"2018-08-29T04:56:12","modified_gmt":"2018-08-29T02:56:12","slug":"appel-a-candidatures-management-de-carrieres-dartistes-sofia-lyon","status":"publish","type":"post","link":"http:\/\/ayitimizik.net\/index.php\/2018\/03\/06\/appel-a-candidatures-management-de-carrieres-dartistes-sofia-lyon\/","title":{"rendered":"APPEL A CANDIDATURES : Management de carri\u00e8res d\u2019artistes (Sofia \/ Lyon)"},"content":{"rendered":"<p><img loading=\"lazy\" class=\"alignleft size-full wp-image-929\" src=\"http:\/\/ayitimizik.net\/wp-content\/uploads\/2018\/03\/esfam_ok.jpg\" alt=\"\" width=\"950\" height=\"475\" srcset=\"http:\/\/ayitimizik.net\/wp-content\/uploads\/2018\/03\/esfam_ok.jpg 950w, http:\/\/ayitimizik.net\/wp-content\/uploads\/2018\/03\/esfam_ok-846x423.jpg 846w, http:\/\/ayitimizik.net\/wp-content\/uploads\/2018\/03\/esfam_ok-768x384.jpg 768w, http:\/\/ayitimizik.net\/wp-content\/uploads\/2018\/03\/esfam_ok-500x250.jpg 500w\" sizes=\"(max-width: 950px) 100vw, 950px\" \/><\/p>\n<p><strong>L\u2019\u00c9cole Sup\u00e9rieure de la Francophonie pour l&rsquo;Administration et le Management (ESFAM), implant\u00e9 \u00e0 Sofia en Bulgarie, a ouvert son concours d&rsquo;admission pour la promotion 2018-2019. Institution d&rsquo;excellence \u00e0 vocation internationale, l&rsquo;ESFAM forme des cadres de haut niveau en \u00e9conomie, en gestion et et en entrepreneuriat. Le concours est ouvert \u00e0 l&rsquo;international. <\/strong><\/p>\n<p>L\u2019<a href=\"http:\/\/esfam.auf.org\/\">ESFAM<\/a> d\u00e9livre, en partenariat avec des universit\u00e9s renomm\u00e9es de l\u2019espace francophone, des dipl\u00f4mes Master 2 dans les domaines suivants (entre autres) :<\/p>\n<ul>\n<li><a href=\"http:\/\/esfam.auf.org\/fr\/master-management-de-linnovation\">Management de l\u2019Innovation<\/a>, parcours <strong>Management de carri\u00e8res d\u2019artistes<\/strong> (Dipl\u00f4me d\u00e9livr\u00e9 par l\u2019Universit\u00e9 Lumi\u00e8re Lyon 2)\u00a0;<\/li>\n<\/ul>\n<ul class=\"arrowed\">\n<li><a href=\"http:\/\/esfam.auf.org\/fr\/master-management-du-tourisme-et-des-loisirs\">Management du Tourisme et des Loisirs\u00a0<\/a>(Dipl\u00f4me d\u00e9livr\u00e9 par l\u2019Universit\u00e9 de Corse, et pour les cinq meilleurs \u00e9tudiants dipl\u00f4me d\u00e9livr\u00e9 \u00e9galement par l\u2019Universit\u00e9 Cadi Ayyad de Marrakech)\u00a0;<\/li>\n<\/ul>\n<p>Le co\u00fbt des formations est subventionn\u00e9 int\u00e9gralement par l\u2019AUF.<br \/>\nLes \u00e9tudiants admis doivent payer une contribution financi\u00e8re de 750 euros par an qui sera utilis\u00e9e \u00e0 leur b\u00e9n\u00e9fice pour financer\u00a0:<\/p>\n<ul class=\"arrowed\">\n<li>les droits d\u2019inscription \u00e0 l\u2019universit\u00e9 dipl\u00f4mante\u00a0;<\/li>\n<li>le logement dans la r\u00e9sidence universitaire pour la p\u00e9riode des cours et des examens\u00a0;<\/li>\n<li>l\u2019assurance m\u00e9dicale obligatoire selon la l\u00e9gislation bulgare\u00a0;<\/li>\n<li>le transport le matin de la r\u00e9sidence universitaire \u00e0 l\u2019\u00c9cole pendant les jours ouvrables, hors week-end. Le retour \u00e0 la r\u00e9sidence universitaire est \u00e0 la charge de l\u2019\u00e9tudiant.\u00a0<a href=\"http:\/\/esfam.auf.org\/fr\/Concours-dadmission#statut_etudiant\">(1)<\/a><\/li>\n<\/ul>\n<p>Attention\u00a0: En dessous d\u2019un seuil minimal de candidats admis, le master correspondant ne sera pas organis\u00e9 pour cette ann\u00e9e acad\u00e9mique.<\/p>\n<p><strong>Date limite de candidature : le 16 mai 2018\u00a0<\/strong><\/p>\n<p>Pour lire le r\u00e8glement du concours d\u2019admission,\u00a0<strong><a href=\"http:\/\/esfam.auf.org\/fr\/reglement-du-concours-d-admission\">cliquez ici<\/a><\/strong><br \/>\nPour consulter la liste des masters organis\u00e9s,\u00a0<strong><a href=\"http:\/\/esfam.auf.org\/fr\/liste-des-masters-organises-esfam-bulgarie-2017-2018\">cliquez ici<\/a><\/strong><br \/>\nPour consulter les conditions financi\u00e8res,\u00a0<strong><a href=\"http:\/\/esfam.auf.org\/fr\/conditions-financieres-esfam-sofia-2017-2018\">cliquez ici<\/a><\/strong><br \/>\nPour consulter la liste des membres du jury,\u00a0<strong><a href=\"http:\/\/esfam.auf.org\/fr\/composition-du-jury-du-concours-admission-esfam-sofia-2017-2018\">cliquez ici<\/a><\/strong><br \/>\nPour consulter le calendrier du concours d\u2019admission,\u00a0<strong><a href=\"http:\/\/esfam.auf.org\/fr\/calendrier-du-concours-admission-esfam-sofia-2018-2019\">cliquez ici<\/a><\/strong><br \/>\nPour consulter le dossier de candidature,\u00a0<strong><a href=\"http:\/\/esfam.auf.org\/fr\/dossier-de-candidature-esfam-bulgarie-2017-2018\">cliquez ici<\/a><\/strong><br \/>\nPour vous inscrire et remplir le formulaire,<a href=\"https:\/\/formulaires.auf.org\/europe-centrale-et-orientale\/candidatures-esfam-master-2017-2018-session-exceptionnelle-bulgarie-1\/\">\u00a0<\/a><strong><a href=\"https:\/\/formulaires.auf.org\/europe-centrale-et-orientale\/candidatures-esfam-master-2018-2019-bulgarie\/\" target=\"_blank\" rel=\"noopener noreferrer\">cliquez i<\/a><\/strong><\/p>\n","protected":false},"excerpt":{"rendered":"<p>L\u2019\u00c9cole Sup\u00e9rieure de la Francophonie pour l&rsquo;Administration et le Management (ESFAM), implant\u00e9 \u00e0 Sofia en Bulgarie, a ouvert son concours d&rsquo;admission pour la promotion 2018-2019. Institution d&rsquo;excellence \u00e0 vocation internationale, l&rsquo;ESFAM forme des cadres de haut niveau en \u00e9conomie, en &hellip; <a href=\"http:\/\/ayitimizik.net\/index.php\/2018\/03\/06\/appel-a-candidatures-management-de-carrieres-dartistes-sofia-lyon\/\">Continuer la lecture <span class=\"meta-nav\">&rarr;<\/span><\/a><\/p>\n","protected":false},"author":2,"featured_media":0,"comment_status":"closed","ping_status":"closed","sticky":false,"template":"","format":"standard","meta":[],"categories":[6,18],"tags":[],"_links":{"self":[{"href":"http:\/\/ayitimizik.net\/index.php\/wp-json\/wp\/v2\/posts\/732"}],"collection":[{"href":"http:\/\/ayitimizik.net\/index.php\/wp-json\/wp\/v2\/posts"}],"about":[{"href":"http:\/\/ayitimizik.net\/index.php\/wp-json\/wp\/v2\/types\/post"}],"author":[{"embeddable":true,"href":"http:\/\/ayitimizik.net\/index.php\/wp-json\/wp\/v2\/users\/2"}],"replies":[{"embeddable":true,"href":"http:\/\/ayitimizik.net\/index.php\/wp-json\/wp\/v2\/comments?post=732"}],"version-history":[{"count":3,"href":"http:\/\/ayitimizik.net\/index.php\/wp-json\/wp\/v2\/posts\/732\/revisions"}],"predecessor-version":[{"id":930,"href":"http:\/\/ayitimizik.net\/index.php\/wp-json\/wp\/v2\/posts\/732\/revisions\/930"}],"wp:attachment":[{"href":"http:\/\/ayitimizik.net\/index.php\/wp-json\/wp\/v2\/media?parent=732"}],"wp:term":[{"taxonomy":"category","embeddable":true,"href":"http:\/\/ayitimizik.net\/index.php\/wp-json\/wp\/v2\/categories?post=732"},{"taxonomy":"post_tag","embeddable":true,"href":"http:\/\/ayitimizik.net\/index.php\/wp-json\/wp\/v2\/tags?post=732"}],"curies":[{"name":"wp","href":"https:\/\/api.w.org\/{rel}","templated":true}]}}