{"id":730,"date":"2018-02-22T02:39:35","date_gmt":"2018-02-22T01:39:35","guid":{"rendered":"http:\/\/ayitimizik.net\/?p=730"},"modified":"2018-08-29T04:57:59","modified_gmt":"2018-08-29T02:57:59","slug":"appel-a-candidatures-sejour-en-france-pour-professionnels-etrangers","status":"publish","type":"post","link":"http:\/\/ayitimizik.net\/index.php\/2018\/02\/22\/appel-a-candidatures-sejour-en-france-pour-professionnels-etrangers\/","title":{"rendered":"APPEL A CANDIDATURES : S\u00e9jour en France pour professionnels \u00e9trangers"},"content":{"rendered":"<div class=\"cover\"><img src=\"http:\/\/www.zonefranche.com\/public\/images\/styles\/news_cover\/43b8c8b0-170c-11e8-93de-3bb7d3e0718d.jpg\" \/><\/div>\n<div class=\"chapo\">Le minist\u00e8re de la Culture a mis en place plusieurs appels \u00e0 candidatures dans le cadre de ses programmes d&rsquo;accueil de professionnels \u00e9trangers.<\/div>\n<div class=\"content-body\">\n<p>Pour la constitution de r\u00e9seaux durables d\u2019\u00e9changes, l\u2019accueil des professionnels et des artistes \u00e9trangers r\u00e9pond \u00e0 l\u2019objectif prioritaire de promotion de la diversit\u00e9 culturelle que la France s\u2019est fix\u00e9. Elle se traduit par la mise en \u0153uvre de programmes de formation, de stages et de rencontres dans tous les secteurs de la culture. Plusieurs types d\u2019accueil sont propos\u00e9s :<\/p>\n<p><strong>* Programme Courants du monde<\/strong> : deux s\u00e9minaires s&rsquo;adressant \u00e0 des professionnels anglophones qui se d\u00e9rouleront <strong>du 4 au 14 juin<\/strong> 2018 (inclus).<\/p>\n<p><strong>* Programme S\u00e9jour culture<\/strong> : s\u00e9jours destin\u00e9s \u00e0 des professionnels francophones de haut niveau qui se d\u00e9rouleront <strong>du 14 au 23 mai<\/strong> 2018 (inclus).<\/p>\n<p><strong>&gt;&gt;&gt; La date limite de r\u00e9ception des dossiers pour ces deux programme est fix\u00e9e au 5 MARS 2018<\/strong>.<\/p>\n<p>Le minist\u00e8re prend en charge les frais p\u00e9dagogiques et les frais d&rsquo;h\u00e9bergement et de d\u00e9placement des participants en France. Les frais de transport internationaux peuvent \u00eatre pris en charge soit par le candidat, soit par sa structure d&rsquo;origine, soit par le Poste.<\/p>\n<p>Toutes les informations : <a href=\"http:\/\/www.culturecommunication.gouv.fr\/Thematiques\/Europe-et-international\/Accueil-et-formation\" target=\"_blank\" rel=\"noopener\"><strong>ici<\/strong><\/a><\/p>\n<\/div>\n","protected":false},"excerpt":{"rendered":"<p>Le minist\u00e8re de la Culture a mis en place plusieurs appels \u00e0 candidatures dans le cadre de ses programmes d&rsquo;accueil de professionnels \u00e9trangers. Pour la constitution de r\u00e9seaux durables d\u2019\u00e9changes, l\u2019accueil des professionnels et des artistes \u00e9trangers r\u00e9pond \u00e0 l\u2019objectif &hellip; <a href=\"http:\/\/ayitimizik.net\/index.php\/2018\/02\/22\/appel-a-candidatures-sejour-en-france-pour-professionnels-etrangers\/\">Continuer la lecture <span class=\"meta-nav\">&rarr;<\/span><\/a><\/p>\n","protected":false},"author":2,"featured_media":0,"comment_status":"closed","ping_status":"closed","sticky":false,"template":"","format":"standard","meta":[],"categories":[6,18],"tags":[],"_links":{"self":[{"href":"http:\/\/ayitimizik.net\/index.php\/wp-json\/wp\/v2\/posts\/730"}],"collection":[{"href":"http:\/\/ayitimizik.net\/index.php\/wp-json\/wp\/v2\/posts"}],"about":[{"href":"http:\/\/ayitimizik.net\/index.php\/wp-json\/wp\/v2\/types\/post"}],"author":[{"embeddable":true,"href":"http:\/\/ayitimizik.net\/index.php\/wp-json\/wp\/v2\/users\/2"}],"replies":[{"embeddable":true,"href":"http:\/\/ayitimizik.net\/index.php\/wp-json\/wp\/v2\/comments?post=730"}],"version-history":[{"count":1,"href":"http:\/\/ayitimizik.net\/index.php\/wp-json\/wp\/v2\/posts\/730\/revisions"}],"predecessor-version":[{"id":731,"href":"http:\/\/ayitimizik.net\/index.php\/wp-json\/wp\/v2\/posts\/730\/revisions\/731"}],"wp:attachment":[{"href":"http:\/\/ayitimizik.net\/index.php\/wp-json\/wp\/v2\/media?parent=730"}],"wp:term":[{"taxonomy":"category","embeddable":true,"href":"http:\/\/ayitimizik.net\/index.php\/wp-json\/wp\/v2\/categories?post=730"},{"taxonomy":"post_tag","embeddable":true,"href":"http:\/\/ayitimizik.net\/index.php\/wp-json\/wp\/v2\/tags?post=730"}],"curies":[{"name":"wp","href":"https:\/\/api.w.org\/{rel}","templated":true}]}}