{"id":720,"date":"2018-02-06T17:32:13","date_gmt":"2018-02-06T16:32:13","guid":{"rendered":"http:\/\/ayitimizik.net\/?p=720"},"modified":"2018-08-29T04:34:27","modified_gmt":"2018-08-29T02:34:27","slug":"appel-a-candidatures-mundial-montreal-2018","status":"publish","type":"post","link":"http:\/\/ayitimizik.net\/index.php\/2018\/02\/06\/appel-a-candidatures-mundial-montreal-2018\/","title":{"rendered":"APPEL A CANDIDATURES : Mundial Montr\u00e9al 2018"},"content":{"rendered":"<h3><img loading=\"lazy\" class=\"alignleft size-full wp-image-936\" src=\"http:\/\/ayitimizik.net\/wp-content\/uploads\/2018\/02\/MundialMTL_Call2018_v2.png\" alt=\"\" width=\"950\" height=\"464\" srcset=\"http:\/\/ayitimizik.net\/wp-content\/uploads\/2018\/02\/MundialMTL_Call2018_v2.png 950w, http:\/\/ayitimizik.net\/wp-content\/uploads\/2018\/02\/MundialMTL_Call2018_v2-866x423.png 866w, http:\/\/ayitimizik.net\/wp-content\/uploads\/2018\/02\/MundialMTL_Call2018_v2-768x375.png 768w, http:\/\/ayitimizik.net\/wp-content\/uploads\/2018\/02\/MundialMTL_Call2018_v2-500x244.png 500w\" sizes=\"(max-width: 950px) 100vw, 950px\" \/><\/h3>\n<p>Mondial Montr\u00e9al invite les artistes \u00e0 soumettre leur candidature afin d\u2019\u00eatre consid\u00e9r\u00e9 pour une <strong>vitrine de 25 minutes<\/strong> dans la programmation de notre<strong> 8e conf\u00e9rence annuelle qui aura lieu du<\/strong> <strong>13 au 16 novembre 2018<\/strong>. Le nombre d\u2019artistes pr\u00e9sent\u00e9s est tr\u00e8s limit\u00e9 (environ 34) et nous veillons \u00e0 ce qu\u2019il n\u2019y ait pas de comp\u00e9tition avec d\u2019autres activit\u00e9s ou vitrines de la programmation. Notre objectif est de pr\u00e9senter le meilleur des artistes de musiques du monde du Canada ainsi qu\u2019une s\u00e9lection d\u2019artistes internationaux tant aux professionnels de l\u2019industrie qu\u2019au public montr\u00e9alais. La s\u00e9lection des artistes s\u2019effectue \u00e0 partir d\u2019un m\u00e9lange de candidatures et d\u2019invitations afin de cr\u00e9er la meilleure combinaison de talents \u00e9mergents et de refl\u00e9ter au mieux les besoins de notre r\u00e9seau de programmateurs.<\/p>\n<p>Les frais de soumission sont de 40 $ CA et ne sont pas remboursables.<\/p>\n<p>Pour plus d\u2019informations sur les \u00e9tapes \u00e0 suivre et le processus de s\u00e9lection, <u><b><a href=\"http:\/\/mundialmontreal.com\/faq\/\" target=\"_blank\" rel=\"noopener noreferrer\">consultez notre FAQ<\/a><\/b><\/u>.<\/p>\n<h4 align=\"JUSTIFY\"><a class=\"small-button smallsilver\" href=\"https:\/\/marcatoapp.com\/forms\/mundialmontreal\/canditatures-submissions-2018\/new\" target=\"_blank\" rel=\"noopener\">SOUMETTRE UNE CANDIDATURE<\/a><\/h4>\n<p align=\"JUSTIFY\">Pour toute questions, veuillez communiquer avec nous \u00e0 <strong>info(@)mundialmontreal.com<\/strong><\/p>\n","protected":false},"excerpt":{"rendered":"<p>Mondial Montr\u00e9al invite les artistes \u00e0 soumettre leur candidature afin d\u2019\u00eatre consid\u00e9r\u00e9 pour une vitrine de 25 minutes dans la programmation de notre 8e conf\u00e9rence annuelle qui aura lieu du 13 au 16 novembre 2018. Le nombre d\u2019artistes pr\u00e9sent\u00e9s est &hellip; <a href=\"http:\/\/ayitimizik.net\/index.php\/2018\/02\/06\/appel-a-candidatures-mundial-montreal-2018\/\">Continuer la lecture <span class=\"meta-nav\">&rarr;<\/span><\/a><\/p>\n","protected":false},"author":2,"featured_media":0,"comment_status":"closed","ping_status":"closed","sticky":false,"template":"","format":"standard","meta":[],"categories":[6,15],"tags":[],"_links":{"self":[{"href":"http:\/\/ayitimizik.net\/index.php\/wp-json\/wp\/v2\/posts\/720"}],"collection":[{"href":"http:\/\/ayitimizik.net\/index.php\/wp-json\/wp\/v2\/posts"}],"about":[{"href":"http:\/\/ayitimizik.net\/index.php\/wp-json\/wp\/v2\/types\/post"}],"author":[{"embeddable":true,"href":"http:\/\/ayitimizik.net\/index.php\/wp-json\/wp\/v2\/users\/2"}],"replies":[{"embeddable":true,"href":"http:\/\/ayitimizik.net\/index.php\/wp-json\/wp\/v2\/comments?post=720"}],"version-history":[{"count":5,"href":"http:\/\/ayitimizik.net\/index.php\/wp-json\/wp\/v2\/posts\/720\/revisions"}],"predecessor-version":[{"id":939,"href":"http:\/\/ayitimizik.net\/index.php\/wp-json\/wp\/v2\/posts\/720\/revisions\/939"}],"wp:attachment":[{"href":"http:\/\/ayitimizik.net\/index.php\/wp-json\/wp\/v2\/media?parent=720"}],"wp:term":[{"taxonomy":"category","embeddable":true,"href":"http:\/\/ayitimizik.net\/index.php\/wp-json\/wp\/v2\/categories?post=720"},{"taxonomy":"post_tag","embeddable":true,"href":"http:\/\/ayitimizik.net\/index.php\/wp-json\/wp\/v2\/tags?post=720"}],"curies":[{"name":"wp","href":"https:\/\/api.w.org\/{rel}","templated":true}]}}