{"id":681,"date":"2018-01-30T22:37:44","date_gmt":"2018-01-30T21:37:44","guid":{"rendered":"http:\/\/ayitimizik.net\/?p=681"},"modified":"2018-09-11T16:54:57","modified_gmt":"2018-09-11T14:54:57","slug":"appel-a-candidatures-visa-for-music-2018-maroc","status":"publish","type":"post","link":"http:\/\/ayitimizik.net\/index.php\/2018\/01\/30\/appel-a-candidatures-visa-for-music-2018-maroc\/","title":{"rendered":"APPEL A CANDIDATURES : Visa for Music 2018 (Maroc)"},"content":{"rendered":"<p><img loading=\"lazy\" class=\"alignleft size-full wp-image-944\" src=\"http:\/\/ayitimizik.net\/wp-content\/uploads\/2018\/01\/Visa-for-Music.jpg\" alt=\"\" width=\"960\" height=\"355\" srcset=\"http:\/\/ayitimizik.net\/wp-content\/uploads\/2018\/01\/Visa-for-Music.jpg 960w, http:\/\/ayitimizik.net\/wp-content\/uploads\/2018\/01\/Visa-for-Music-900x333.jpg 900w, http:\/\/ayitimizik.net\/wp-content\/uploads\/2018\/01\/Visa-for-Music-768x284.jpg 768w, http:\/\/ayitimizik.net\/wp-content\/uploads\/2018\/01\/Visa-for-Music-500x185.jpg 500w\" sizes=\"(max-width: 960px) 100vw, 960px\" \/><\/p>\n<p>Artistes, groupes &amp; Artistes Electro (Dj, Vj), c&rsquo;est l&rsquo;occasion pour participer aux showcases 2018 devant des milliers de professionnels venus du monde entier.<\/p>\n<p>La quatri\u00e8me \u00e9dition de Visa For Music a r\u00e9uni 1500 professionnels venus de partout dans le monde, 73 exposants, 400 artistes venus d\u2019Afrique, du Moyen-Orient mais aussi d\u2019Am\u00e9rique latine, d\u2019Europe, d\u2019Asie et d\u2019Oc\u00e9anie.<\/p>\n<div class=\"text_exposed_show\">\n<p>Vous avez jusqu&rsquo;au 15 avril 2018 pour d\u00e9poser votre demande de candidature !<\/p>\n<p>Formulaire d&rsquo;inscription :<br \/>\n<a href=\"https:\/\/www.visaformusic.com\/Appel-candidature-2018\/\" target=\"_blank\" rel=\"nofollow noopener\" data-ft=\"{&quot;tn&quot;:&quot;-U&quot;}\" data-lynx-mode=\"origin\" data-lynx-uri=\"https:\/\/l.facebook.com\/l.php?u=https%3A%2F%2Fwww.visaformusic.com%2FAppel-candidature-2018%2F&amp;h=ATN0qYMufLDN1FzKmxdGXycOctXbT23_7JWgC697SYGBMtA-exANLxnepLwgxTt78KBfVi-Oi_P7pckGC5e4vKShJJhh0Q266RnB_m0pK2thuo-32QiagSAYIe4-WxfYMiUEVLt5kcUHXOk54_-oxbbG4dNnAu5zMSUdFo2IDLUNKdzoxWGcgYlCsWKrUlHj4Qd_-l7R5hW_PHGZ32Xzt9y_VB72gSrZnpc5cKr4jNy57YuLoBmJ0UEvU2Nra86ciCWskYzhiz2hPA8Ox7xGP43IDOyIIUgSGXXAJBlXcfH8bw\">https:\/\/www.visaformusic.com\/Appel-candidature-2018\/<\/a><\/p>\n<\/div>\n","protected":false},"excerpt":{"rendered":"<p>Artistes, groupes &amp; Artistes Electro (Dj, Vj), c&rsquo;est l&rsquo;occasion pour participer aux showcases 2018 devant des milliers de professionnels venus du monde entier. La quatri\u00e8me \u00e9dition de Visa For Music a r\u00e9uni 1500 professionnels venus de partout dans le monde, &hellip; <a href=\"http:\/\/ayitimizik.net\/index.php\/2018\/01\/30\/appel-a-candidatures-visa-for-music-2018-maroc\/\">Continuer la lecture <span class=\"meta-nav\">&rarr;<\/span><\/a><\/p>\n","protected":false},"author":2,"featured_media":0,"comment_status":"closed","ping_status":"closed","sticky":false,"template":"","format":"standard","meta":[],"categories":[6,15],"tags":[],"_links":{"self":[{"href":"http:\/\/ayitimizik.net\/index.php\/wp-json\/wp\/v2\/posts\/681"}],"collection":[{"href":"http:\/\/ayitimizik.net\/index.php\/wp-json\/wp\/v2\/posts"}],"about":[{"href":"http:\/\/ayitimizik.net\/index.php\/wp-json\/wp\/v2\/types\/post"}],"author":[{"embeddable":true,"href":"http:\/\/ayitimizik.net\/index.php\/wp-json\/wp\/v2\/users\/2"}],"replies":[{"embeddable":true,"href":"http:\/\/ayitimizik.net\/index.php\/wp-json\/wp\/v2\/comments?post=681"}],"version-history":[{"count":2,"href":"http:\/\/ayitimizik.net\/index.php\/wp-json\/wp\/v2\/posts\/681\/revisions"}],"predecessor-version":[{"id":945,"href":"http:\/\/ayitimizik.net\/index.php\/wp-json\/wp\/v2\/posts\/681\/revisions\/945"}],"wp:attachment":[{"href":"http:\/\/ayitimizik.net\/index.php\/wp-json\/wp\/v2\/media?parent=681"}],"wp:term":[{"taxonomy":"category","embeddable":true,"href":"http:\/\/ayitimizik.net\/index.php\/wp-json\/wp\/v2\/categories?post=681"},{"taxonomy":"post_tag","embeddable":true,"href":"http:\/\/ayitimizik.net\/index.php\/wp-json\/wp\/v2\/tags?post=681"}],"curies":[{"name":"wp","href":"https:\/\/api.w.org\/{rel}","templated":true}]}}