{"id":658,"date":"2018-01-30T03:25:27","date_gmt":"2018-01-30T02:25:27","guid":{"rendered":"http:\/\/ayitimizik.net\/?p=658"},"modified":"2018-08-29T04:58:20","modified_gmt":"2018-08-29T02:58:20","slug":"appel-a-candidatures-pour-des-residences-artistiques-a-paris","status":"publish","type":"post","link":"http:\/\/ayitimizik.net\/index.php\/2018\/01\/30\/appel-a-candidatures-pour-des-residences-artistiques-a-paris\/","title":{"rendered":"APPEL A CANDIDATURES : R\u00e9sidences artistiques \u00e0 Paris"},"content":{"rendered":"<p style=\"text-align: center;\">CITE INTERNATIONALE DES ARTS<\/p>\n<p><img loading=\"lazy\" class=\"aligncenter size-full wp-image-947\" src=\"http:\/\/ayitimizik.net\/wp-content\/uploads\/2018\/01\/Cit\u00e9-internationale-des-Arts.jpg\" alt=\"\" width=\"224\" height=\"225\" srcset=\"http:\/\/ayitimizik.net\/wp-content\/uploads\/2018\/01\/Cit\u00e9-internationale-des-Arts.jpg 224w, http:\/\/ayitimizik.net\/wp-content\/uploads\/2018\/01\/Cit\u00e9-internationale-des-Arts-150x150.jpg 150w\" sizes=\"(max-width: 224px) 100vw, 224px\" \/><\/p>\n<p style=\"text-align: center;\">APPEL A CANDIDATURES POUR DES R\u00c9SIDENCES ARTISTIQUES \u00c0 PARIS<\/p>\n<p style=\"text-align: center;\"><span style=\"color: #ff6600;\"><strong>Date limite : 1er mars 2018<\/strong><\/span><\/p>\n<p style=\"text-align: center;\">Deposez votre candidature!<\/p>\n<p>&nbsp;<\/p>\n<p style=\"text-align: justify;\">Fond\u00e9e en 1965, la Cit\u00e9 internationale des arts accueille chaque ann\u00e9e plus de 1200 artistes originaires de 90 pays dans 326 ateliers-logements au centre de Paris. Des artistes de toutes disciplines mais \u00e9galement des commissaires fran\u00e7ais ou internationaux peuvent y r\u00e9aliser des r\u00e9sidences sur des p\u00e9riodes s\u2019\u00e9tendant de 2 \u00e0 12 mois.<\/p>\n<p style=\"text-align: justify;\">Ce projet ambitieux qui est n\u00e9 de la volont\u00e9 de r\u00e9unir dans un m\u00eame lieu des artistes du monde entier, conf\u00e8re \u00e0 la Cit\u00e9 internationale des arts un statut singulier qui favorise les rencontres, les croisements artistiques et la cr\u00e9ativit\u00e9. C\u2019est un lieu de vie ouvert au dialogue entre les cultures, o\u00f9 les artistes rencontrent leurs publics et des professionnels.<\/p>\n<p style=\"text-align: justify;\">Pour d\u00e9poser votre candidature, visitez le site <a href=\"https:\/\/www.citedesartsparis.net\/\">https:\/\/www.citedesartsparis.net\/<\/a> et remplissez le formulaire \u00e9lectronique.<\/p>\n","protected":false},"excerpt":{"rendered":"<p>CITE INTERNATIONALE DES ARTS APPEL A CANDIDATURES POUR DES R\u00c9SIDENCES ARTISTIQUES \u00c0 PARIS Date limite : 1er mars 2018 Deposez votre candidature! &nbsp; Fond\u00e9e en 1965, la Cit\u00e9 internationale des arts accueille chaque ann\u00e9e plus de 1200 artistes originaires de &hellip; <a href=\"http:\/\/ayitimizik.net\/index.php\/2018\/01\/30\/appel-a-candidatures-pour-des-residences-artistiques-a-paris\/\">Continuer la lecture <span class=\"meta-nav\">&rarr;<\/span><\/a><\/p>\n","protected":false},"author":2,"featured_media":0,"comment_status":"closed","ping_status":"closed","sticky":false,"template":"","format":"standard","meta":[],"categories":[6,17],"tags":[],"_links":{"self":[{"href":"http:\/\/ayitimizik.net\/index.php\/wp-json\/wp\/v2\/posts\/658"}],"collection":[{"href":"http:\/\/ayitimizik.net\/index.php\/wp-json\/wp\/v2\/posts"}],"about":[{"href":"http:\/\/ayitimizik.net\/index.php\/wp-json\/wp\/v2\/types\/post"}],"author":[{"embeddable":true,"href":"http:\/\/ayitimizik.net\/index.php\/wp-json\/wp\/v2\/users\/2"}],"replies":[{"embeddable":true,"href":"http:\/\/ayitimizik.net\/index.php\/wp-json\/wp\/v2\/comments?post=658"}],"version-history":[{"count":11,"href":"http:\/\/ayitimizik.net\/index.php\/wp-json\/wp\/v2\/posts\/658\/revisions"}],"predecessor-version":[{"id":948,"href":"http:\/\/ayitimizik.net\/index.php\/wp-json\/wp\/v2\/posts\/658\/revisions\/948"}],"wp:attachment":[{"href":"http:\/\/ayitimizik.net\/index.php\/wp-json\/wp\/v2\/media?parent=658"}],"wp:term":[{"taxonomy":"category","embeddable":true,"href":"http:\/\/ayitimizik.net\/index.php\/wp-json\/wp\/v2\/categories?post=658"},{"taxonomy":"post_tag","embeddable":true,"href":"http:\/\/ayitimizik.net\/index.php\/wp-json\/wp\/v2\/tags?post=658"}],"curies":[{"name":"wp","href":"https:\/\/api.w.org\/{rel}","templated":true}]}}