{"id":652,"date":"2018-01-09T17:31:42","date_gmt":"2018-01-09T16:31:42","guid":{"rendered":"http:\/\/ayitimizik.net\/?p=652"},"modified":"2018-01-30T18:33:47","modified_gmt":"2018-01-30T17:33:47","slug":"creation-dune-base-de-donnees-des-acteurs-culturels-caribeens","status":"publish","type":"post","link":"http:\/\/ayitimizik.net\/index.php\/2018\/01\/09\/creation-dune-base-de-donnees-des-acteurs-culturels-caribeens\/","title":{"rendered":"ANNONCE : Cr\u00e9ation d&rsquo;une base de donn\u00e9es des acteurs culturels carib\u00e9ens"},"content":{"rendered":"<p>R\u00e8priz, -Centre R\u00e9gional des Musiques et Danses Traditionnelles et Populaires de Guadeloupe- souhaite cr\u00e9er une base de donn\u00e9es des acteurs culturels carib\u00e9ens, en y ajoutant un volet sur les centres de ressources et autres structures \u0153uvrant \u00e0 la sauvegarde du Patrimoine Culturel et Immat\u00e9riel (PCI) sur leurs territoires respectifs.<\/p>\n<p>Afin d\u2019aider dans la r\u00e9alisation de cet objectif, R\u00e8priz\u00a0 adresse ci-apr\u00e8s une brochure de pr\u00e9sentation du Centre\u00a0 ainsi qu\u2019un petit formulaire qui leur permettra de constituer la base de donn\u00e9es. Priez d\u2019y r\u00e9pondre avant le 30 janvier 2018.<\/p>\n<p><em>Lien \u00e0 utiliser pour le formulaire:<\/em>\u00a0<a href=\"http:\/\/bit.ly\/basededonnees-Repriz\" data-saferedirecturl=\"https:\/\/www.google.com\/url?hl=fr&amp;q=http:\/\/bit.ly\/basededonnees-Repriz&amp;source=gmail&amp;ust=1515601406511000&amp;usg=AFQjCNEOZdPsPvpC4RTKTntWtKTDc9UlxQ\">http:\/\/bit.ly\/basededonnees-Repriz<\/a><em>\u00a0<\/em><\/p>\n<p><em>Lien \u00e0 utiliser pour flyer de pr\u00e9sentation:<\/em>\u00a0<a href=\"http:\/\/bit.ly\/Presentation-Repriz\" data-saferedirecturl=\"https:\/\/www.google.com\/url?hl=fr&amp;q=http:\/\/bit.ly\/Presentation-Repriz&amp;source=gmail&amp;ust=1515601406511000&amp;usg=AFQjCNFwzOl0tC8GjXKVItJ9NWdPjWZyfA\">http:\/\/bit.ly\/Presentation-Repriz<\/a><\/p>\n<p>&nbsp;<\/p>\n","protected":false},"excerpt":{"rendered":"<p>R\u00e8priz, -Centre R\u00e9gional des Musiques et Danses Traditionnelles et Populaires de Guadeloupe- souhaite cr\u00e9er une base de donn\u00e9es des acteurs culturels carib\u00e9ens, en y ajoutant un volet sur les centres de ressources et autres structures \u0153uvrant \u00e0 la sauvegarde du &hellip; <a href=\"http:\/\/ayitimizik.net\/index.php\/2018\/01\/09\/creation-dune-base-de-donnees-des-acteurs-culturels-caribeens\/\">Continuer la lecture <span class=\"meta-nav\">&rarr;<\/span><\/a><\/p>\n","protected":false},"author":2,"featured_media":0,"comment_status":"closed","ping_status":"closed","sticky":false,"template":"","format":"standard","meta":[],"categories":[6],"tags":[],"_links":{"self":[{"href":"http:\/\/ayitimizik.net\/index.php\/wp-json\/wp\/v2\/posts\/652"}],"collection":[{"href":"http:\/\/ayitimizik.net\/index.php\/wp-json\/wp\/v2\/posts"}],"about":[{"href":"http:\/\/ayitimizik.net\/index.php\/wp-json\/wp\/v2\/types\/post"}],"author":[{"embeddable":true,"href":"http:\/\/ayitimizik.net\/index.php\/wp-json\/wp\/v2\/users\/2"}],"replies":[{"embeddable":true,"href":"http:\/\/ayitimizik.net\/index.php\/wp-json\/wp\/v2\/comments?post=652"}],"version-history":[{"count":3,"href":"http:\/\/ayitimizik.net\/index.php\/wp-json\/wp\/v2\/posts\/652\/revisions"}],"predecessor-version":[{"id":670,"href":"http:\/\/ayitimizik.net\/index.php\/wp-json\/wp\/v2\/posts\/652\/revisions\/670"}],"wp:attachment":[{"href":"http:\/\/ayitimizik.net\/index.php\/wp-json\/wp\/v2\/media?parent=652"}],"wp:term":[{"taxonomy":"category","embeddable":true,"href":"http:\/\/ayitimizik.net\/index.php\/wp-json\/wp\/v2\/categories?post=652"},{"taxonomy":"post_tag","embeddable":true,"href":"http:\/\/ayitimizik.net\/index.php\/wp-json\/wp\/v2\/tags?post=652"}],"curies":[{"name":"wp","href":"https:\/\/api.w.org\/{rel}","templated":true}]}}