{"id":648,"date":"2017-12-20T20:09:42","date_gmt":"2017-12-20T19:09:42","guid":{"rendered":"http:\/\/ayitimizik.net\/?p=648"},"modified":"2018-08-29T22:18:05","modified_gmt":"2018-08-29T20:18:05","slug":"conge-de-fin-dannee","status":"publish","type":"post","link":"http:\/\/ayitimizik.net\/index.php\/2017\/12\/20\/conge-de-fin-dannee\/","title":{"rendered":"ANNONCE Kay Mizik La : Cong\u00e9 de fin d&rsquo;ann\u00e9e!"},"content":{"rendered":"<p><img loading=\"lazy\" class=\"aligncenter size-medium wp-image-877\" src=\"http:\/\/ayitimizik.net\/wp-content\/uploads\/2018\/08\/Logo_Kaymizikla_ok-900x274.jpg\" alt=\"\" width=\"900\" height=\"274\" srcset=\"http:\/\/ayitimizik.net\/wp-content\/uploads\/2018\/08\/Logo_Kaymizikla_ok-900x274.jpg 900w, http:\/\/ayitimizik.net\/wp-content\/uploads\/2018\/08\/Logo_Kaymizikla_ok-768x234.jpg 768w, http:\/\/ayitimizik.net\/wp-content\/uploads\/2018\/08\/Logo_Kaymizikla_ok-1024x312.jpg 1024w, http:\/\/ayitimizik.net\/wp-content\/uploads\/2018\/08\/Logo_Kaymizikla_ok.jpg 1102w\" sizes=\"(max-width: 900px) 100vw, 900px\" \/><\/p>\n<p style=\"text-align: justify;\">Chers membres,<\/p>\n<p style=\"text-align: justify;\">L&rsquo;association Ayiti Mizik vous souhaite un joyeux No\u00ebl et une heureuse ann\u00e9e 2018.<\/p>\n<p style=\"text-align: justify;\">Elle profite pour vous annoncer la fermeture de ses portes ce vendredi 22 d\u00e9cembre. En outre, une note vous sera bient\u00f4t communiqu\u00e9e pour la reprise de ses activit\u00e9s.\u00a0\u00bb<\/p>\n<p style=\"text-align: justify;\">Musicalement,<\/p>\n","protected":false},"excerpt":{"rendered":"<p>Chers membres, L&rsquo;association Ayiti Mizik vous souhaite un joyeux No\u00ebl et une heureuse ann\u00e9e 2018. Elle profite pour vous annoncer la fermeture de ses portes ce vendredi 22 d\u00e9cembre. En outre, une note vous sera bient\u00f4t communiqu\u00e9e pour la reprise &hellip; <a href=\"http:\/\/ayitimizik.net\/index.php\/2017\/12\/20\/conge-de-fin-dannee\/\">Continuer la lecture <span class=\"meta-nav\">&rarr;<\/span><\/a><\/p>\n","protected":false},"author":2,"featured_media":0,"comment_status":"closed","ping_status":"closed","sticky":false,"template":"","format":"standard","meta":[],"categories":[14,13],"tags":[],"_links":{"self":[{"href":"http:\/\/ayitimizik.net\/index.php\/wp-json\/wp\/v2\/posts\/648"}],"collection":[{"href":"http:\/\/ayitimizik.net\/index.php\/wp-json\/wp\/v2\/posts"}],"about":[{"href":"http:\/\/ayitimizik.net\/index.php\/wp-json\/wp\/v2\/types\/post"}],"author":[{"embeddable":true,"href":"http:\/\/ayitimizik.net\/index.php\/wp-json\/wp\/v2\/users\/2"}],"replies":[{"embeddable":true,"href":"http:\/\/ayitimizik.net\/index.php\/wp-json\/wp\/v2\/comments?post=648"}],"version-history":[{"count":5,"href":"http:\/\/ayitimizik.net\/index.php\/wp-json\/wp\/v2\/posts\/648\/revisions"}],"predecessor-version":[{"id":969,"href":"http:\/\/ayitimizik.net\/index.php\/wp-json\/wp\/v2\/posts\/648\/revisions\/969"}],"wp:attachment":[{"href":"http:\/\/ayitimizik.net\/index.php\/wp-json\/wp\/v2\/media?parent=648"}],"wp:term":[{"taxonomy":"category","embeddable":true,"href":"http:\/\/ayitimizik.net\/index.php\/wp-json\/wp\/v2\/categories?post=648"},{"taxonomy":"post_tag","embeddable":true,"href":"http:\/\/ayitimizik.net\/index.php\/wp-json\/wp\/v2\/tags?post=648"}],"curies":[{"name":"wp","href":"https:\/\/api.w.org\/{rel}","templated":true}]}}