{"id":633,"date":"2017-11-20T16:41:56","date_gmt":"2017-11-20T15:41:56","guid":{"rendered":"http:\/\/ayitimizik.net\/?p=633"},"modified":"2018-08-29T06:32:51","modified_gmt":"2018-08-29T04:32:51","slug":"invitation-au-cocktail-de-cloture-et-concert-de-restitution","status":"publish","type":"post","link":"http:\/\/ayitimizik.net\/index.php\/2017\/11\/20\/invitation-au-cocktail-de-cloture-et-concert-de-restitution\/","title":{"rendered":"INVITATION : Cocktail de cl\u00f4ture et concert de restitution du Plateau Jeunes Talents"},"content":{"rendered":"<div dir=\"auto\" style=\"text-align: justify;\"><img loading=\"lazy\" class=\"aligncenter size-full wp-image-967\" src=\"http:\/\/ayitimizik.net\/wp-content\/uploads\/2017\/11\/Invitation.jpg\" alt=\"\" width=\"731\" height=\"1024\" srcset=\"http:\/\/ayitimizik.net\/wp-content\/uploads\/2017\/11\/Invitation.jpg 731w, http:\/\/ayitimizik.net\/wp-content\/uploads\/2017\/11\/Invitation-302x423.jpg 302w, http:\/\/ayitimizik.net\/wp-content\/uploads\/2017\/11\/Invitation-214x300.jpg 214w\" sizes=\"(max-width: 731px) 100vw, 731px\" \/><br \/>\nLe projet Plateau Jeunes Talents a pour objectif de contribuer \u00e0 un \u00e9change de comp\u00e9tences en mati\u00e8re de professionnalisation, de formation et de cr\u00e9ation afin d\u2019encourager l\u2019\u00e9mergence d\u2019une nouvelle sc\u00e8ne musicale ha\u00eftienne. Pendant trois ann\u00e9es cons\u00e9cutives, 2015-2017, une dizaine de jeunes chanteurs, musiciens et techniciens du son ha\u00eftiens ont profit\u00e9 de s\u00e9ances de formation en \u00e9criture de textes, coaching vocal, coaching musical, coaching sc\u00e9nique et sonorisation. Chaque ann\u00e9e, quatre d\u2019entre eux b\u00e9n\u00e9ficient en plus d\u2019une bourse leur permettant d\u2019assister \u00e0 des formations compl\u00e9mentaires en Belgique. \u00bb<\/div>\n<div dir=\"auto\" style=\"text-align: justify;\"><\/div>\n<div dir=\"auto\"><\/div>\n<div dir=\"auto\" style=\"text-align: justify;\">La soir\u00e9e du lundi 20 novembre pr\u00e9sente le travail de restitution du dernier atelier de la s\u00e9rie avec les intervenants belges : Pietro Vaiana &#8211; Francois Vaiana &#8211; Cedrick Van Caille &#8211; Benoit Tempels et les participants ha\u00eftien:<\/div>\n<div dir=\"auto\" style=\"text-align: justify;\"><\/div>\n<ul>\n<li dir=\"auto\">Jehyna Sahyeir C\u00e9lestin<\/li>\n<li dir=\"auto\">Mathon Jean Gethro<\/li>\n<li dir=\"auto\">Gethc\u00e9 Pierre<\/li>\n<li dir=\"auto\">Samora Cynthia Julmisse<\/li>\n<li dir=\"auto\">Coralie Herard<\/li>\n<li dir=\"auto\">Adjamile Marcelin<\/li>\n<li dir=\"auto\">James Vergneau<\/li>\n<li dir=\"auto\">David Cass\u00e9us<\/li>\n<li dir=\"auto\">Imeran Norman<\/li>\n<li dir=\"auto\">Pierre Edouard Ren\u00e9<\/li>\n<\/ul>\n<div dir=\"auto\"><\/div>\n<div dir=\"auto\" style=\"text-align: justify;\">Le concert aura lieu au Villate, 12 rue Villate, P\u00e9tion-ville, \u00e0 7hpm.<\/div>\n<div dir=\"auto\" style=\"text-align: justify;\">L\u2019entr\u00e9e est gratuite.<\/div>\n<div dir=\"auto\" style=\"text-align: justify;\">Un cocktail sera donn\u00e9 apr\u00e8s la repr\u00e9sentation<\/div>\n<div dir=\"auto\"><\/div>\n","protected":false},"excerpt":{"rendered":"<p>Le projet Plateau Jeunes Talents a pour objectif de contribuer \u00e0 un \u00e9change de comp\u00e9tences en mati\u00e8re de professionnalisation, de formation et de cr\u00e9ation afin d\u2019encourager l\u2019\u00e9mergence d\u2019une nouvelle sc\u00e8ne musicale ha\u00eftienne. Pendant trois ann\u00e9es cons\u00e9cutives, 2015-2017, une dizaine de &hellip; <a href=\"http:\/\/ayitimizik.net\/index.php\/2017\/11\/20\/invitation-au-cocktail-de-cloture-et-concert-de-restitution\/\">Continuer la lecture <span class=\"meta-nav\">&rarr;<\/span><\/a><\/p>\n","protected":false},"author":2,"featured_media":0,"comment_status":"closed","ping_status":"closed","sticky":false,"template":"","format":"standard","meta":[],"categories":[14],"tags":[],"_links":{"self":[{"href":"http:\/\/ayitimizik.net\/index.php\/wp-json\/wp\/v2\/posts\/633"}],"collection":[{"href":"http:\/\/ayitimizik.net\/index.php\/wp-json\/wp\/v2\/posts"}],"about":[{"href":"http:\/\/ayitimizik.net\/index.php\/wp-json\/wp\/v2\/types\/post"}],"author":[{"embeddable":true,"href":"http:\/\/ayitimizik.net\/index.php\/wp-json\/wp\/v2\/users\/2"}],"replies":[{"embeddable":true,"href":"http:\/\/ayitimizik.net\/index.php\/wp-json\/wp\/v2\/comments?post=633"}],"version-history":[{"count":9,"href":"http:\/\/ayitimizik.net\/index.php\/wp-json\/wp\/v2\/posts\/633\/revisions"}],"predecessor-version":[{"id":971,"href":"http:\/\/ayitimizik.net\/index.php\/wp-json\/wp\/v2\/posts\/633\/revisions\/971"}],"wp:attachment":[{"href":"http:\/\/ayitimizik.net\/index.php\/wp-json\/wp\/v2\/media?parent=633"}],"wp:term":[{"taxonomy":"category","embeddable":true,"href":"http:\/\/ayitimizik.net\/index.php\/wp-json\/wp\/v2\/categories?post=633"},{"taxonomy":"post_tag","embeddable":true,"href":"http:\/\/ayitimizik.net\/index.php\/wp-json\/wp\/v2\/tags?post=633"}],"curies":[{"name":"wp","href":"https:\/\/api.w.org\/{rel}","templated":true}]}}