{"id":618,"date":"2017-11-10T20:44:10","date_gmt":"2017-11-10T19:44:10","guid":{"rendered":"http:\/\/ayitimizik.net\/?p=618"},"modified":"2018-08-29T06:22:52","modified_gmt":"2018-08-29T04:22:52","slug":"appel-a-projets-2018","status":"publish","type":"post","link":"http:\/\/ayitimizik.net\/index.php\/2017\/11\/10\/appel-a-projets-2018\/","title":{"rendered":"APPEL A CANDIDATURES : Programme Odyss\u00e9e pour la r\u00e9sidence d&rsquo;artistes"},"content":{"rendered":"<p style=\"text-align: justify;\"><img loading=\"lazy\" class=\"wp-image-622 aligncenter\" src=\"http:\/\/ayitimizik.net\/wp-content\/uploads\/2017\/11\/odysee-900x245.png\" alt=\"odysee\" width=\"700\" height=\"190\" srcset=\"http:\/\/ayitimizik.net\/wp-content\/uploads\/2017\/11\/odysee-900x245.png 900w, http:\/\/ayitimizik.net\/wp-content\/uploads\/2017\/11\/odysee-768x209.png 768w, http:\/\/ayitimizik.net\/wp-content\/uploads\/2017\/11\/odysee.png 985w\" sizes=\"(max-width: 700px) 100vw, 700px\" \/><\/p>\n<p style=\"text-align: justify;\">Avec le soutien du Minist\u00e8re de la Culture et de la Communication, l\u2019Association des Centres Culturels de Rencontre (ACCR) coordonne le programme de r\u00e9sidence \u00ab\u00a0Odyss\u00e9e\u00a0\u00bb. Ce programme s\u2019adresse \u00e0 des artistes, chercheurs, professionnels de la culture \u00e9trangers, qui ne r\u00e9sident pas en France et qui souhaitent d\u00e9velopper des projets au sein des Centres culturels de rencontre fran\u00e7ais. Depuis 2003, plus de 550 artistes et professionnels de la culture repr\u00e9sentant 76 nationalit\u00e9s diff\u00e9rentes ont b\u00e9n\u00e9fici\u00e9 de ce programme, dans des domaines aussi vari\u00e9s que la musique, l&rsquo;architecture, l&rsquo;artisanat, les arts plastiques, l&rsquo;\u00e9criture th\u00e9\u00e2trale ou encore le cin\u00e9ma d&rsquo;animation, la photographie, le journalisme\u2026<\/p>\n<p><strong>L\u2019Appel \u00e0 projets 2018 est ouvert.<\/strong><\/p>\n<p><strong>L\u2019appel s\u2019adresse \u00e0 des artistes, chercheurs et professionnels de la culture de tous les pays autres que la France, conform\u00e9ment \u00e0 des engagements internationaux port\u00e9s par le Minist\u00e8re de la culture et de la communication, prioritairement :<\/strong><\/p>\n<p>&#8211;\u00a0Alg\u00e9rie, Afghanistan, Egypte, Irak, Iran, Liban, Maroc, Palestine, Tunisie;<\/p>\n<p>&#8211; Mexique, Colombie, Br\u00e9sil, Argentine, Costa Rica, Chili, Ha\u00efti, Cuba;<\/p>\n<p>&#8211; B\u00e9nin, S\u00e9n\u00e9gal, Burkina-Faso, C\u00f4te d&rsquo;Ivoire, Cameroun, Afrique du Sud;<\/p>\n<p>&#8211; Cambodge, Laos, Vietnam.<\/p>\n<ul>\n<li style=\"text-align: justify;\"><strong>Pour la r\u00e9sidence dans les domaines artistiques et culturels, les projets propos\u00e9s<\/strong> doivent \u00eatre en accord avec les<strong> <u>projets des Centres fran\u00e7ais<\/u> <\/strong>impliqu\u00e9s dans la demande de r\u00e9sidence (liste ci-dessous). Les artistes et professionnels de la culture, souhaitant b\u00e9n\u00e9ficier d\u2019une bourse de r\u00e9sidence en 2018 au sein d\u2019un <strong>Centre culturel de rencontre fran\u00e7ais<\/strong>, peuvent d\u00e9poser leurs projets dans le CCR choisi pour la r\u00e9sidence, avec copie \u00e0 l&rsquo;ACCR, jusqu&rsquo;au <strong>10 D\u00e9cembre 2017 inclus.<\/strong><\/li>\n<\/ul>\n<p>&nbsp;<\/p>\n<ul>\n<li><strong>Pour les demandes dans le domaine de la gestion culturelle et du d\u00e9veloppement de r\u00e9seaux culturels<\/strong>, merci d\u2019envoyer votre demande directement \u00e0 l\u2019<strong>ACCR<\/strong>, jusqu&rsquo;au <strong>10 D\u00e9cembre 2017 inclus.<\/strong><\/li>\n<\/ul>\n<p>&#8211; par courrier : ACCR, H\u00f4tel de Massa, 38 rue du Faubourg Saint Jacques, 75014 Paris, France<\/p>\n<p>&#8211; par e-mail : <a href=\"mailto:info@accr-europe.org\">i.martorell@accr-europe.org<\/a> en mentionnant \u00ab\u00a0Odyss\u00e9e 2018\u00a0\u00bb dans l\u2019objet du mail.<\/p>\n<p>&nbsp;<\/p>\n<p>Les demandes doivent comprendre :<\/p>\n<ul>\n<li>le curriculum vitae du candidat,<\/li>\n<li>le projet qu&rsquo;il se propose de r\u00e9aliser pendant la r\u00e9sidence, en accord avec l&rsquo;activit\u00e9 et le projet sp\u00e9cifique du Centre choisi,<\/li>\n<li>une lettre de motivation,<\/li>\n<li>une lettre de recommandation,<\/li>\n<li>preuve de domiciliation (facture \u00e9lectricit\u00e9, facture t\u00e9l\u00e9phone etc.)<\/li>\n<li>la photocopie de passeport ou de la carte d&rsquo;identit\u00e9.<\/li>\n<\/ul>\n<p>&nbsp;<\/p>\n<p style=\"text-align: justify;\">Les candidats s\u00e9lectionn\u00e9s se voient attribuer une bourse d\u2019entretien de 1200 \u20ac par mois et les frais de voyage leurs sont rembours\u00e9s \u00e0 hauteur d\u2019une somme \u00e9tablie en fonction du pays d\u2019origine. Ils sont log\u00e9s et nourris \u00e0 titre gracieux dans le CCR qu\u2019ils ont choisi. Ils b\u00e9n\u00e9ficient aussi, chaque fois que cela est possible, d\u2019une mise \u00e0 disposition de moyens techniques pour la r\u00e9alisation de leur projet de r\u00e9sidence. Les bourses de r\u00e9sidence sont normalement octroy\u00e9es pour une dur\u00e9e de 1 \u00e0 6 mois.<\/p>\n<p>Calendrier pr\u00e9visionnel :<\/p>\n<ul>\n<li>Janvier 2018 : Commission des bourses Odyss\u00e9e.<\/li>\n<li>Mars 2018 : r\u00e9ponse aux candidatures.<\/li>\n<\/ul>\n<p>Pour toute demande d\u2019informations compl\u00e9mentaires, merci d\u2019adresser votre demande par e-mail \u00e0 l\u2019adresse suivante\u00a0: <a href=\"mailto:i.martorell@accr-europe.org\">i.martorell@accr-europe.org<\/a><\/p>\n","protected":false},"excerpt":{"rendered":"<p>Avec le soutien du Minist\u00e8re de la Culture et de la Communication, l\u2019Association des Centres Culturels de Rencontre (ACCR) coordonne le programme de r\u00e9sidence \u00ab\u00a0Odyss\u00e9e\u00a0\u00bb. Ce programme s\u2019adresse \u00e0 des artistes, chercheurs, professionnels de la culture \u00e9trangers, qui ne r\u00e9sident &hellip; <a href=\"http:\/\/ayitimizik.net\/index.php\/2017\/11\/10\/appel-a-projets-2018\/\">Continuer la lecture <span class=\"meta-nav\">&rarr;<\/span><\/a><\/p>\n","protected":false},"author":2,"featured_media":0,"comment_status":"closed","ping_status":"closed","sticky":false,"template":"","format":"standard","meta":[],"categories":[6,17],"tags":[],"_links":{"self":[{"href":"http:\/\/ayitimizik.net\/index.php\/wp-json\/wp\/v2\/posts\/618"}],"collection":[{"href":"http:\/\/ayitimizik.net\/index.php\/wp-json\/wp\/v2\/posts"}],"about":[{"href":"http:\/\/ayitimizik.net\/index.php\/wp-json\/wp\/v2\/types\/post"}],"author":[{"embeddable":true,"href":"http:\/\/ayitimizik.net\/index.php\/wp-json\/wp\/v2\/users\/2"}],"replies":[{"embeddable":true,"href":"http:\/\/ayitimizik.net\/index.php\/wp-json\/wp\/v2\/comments?post=618"}],"version-history":[{"count":8,"href":"http:\/\/ayitimizik.net\/index.php\/wp-json\/wp\/v2\/posts\/618\/revisions"}],"predecessor-version":[{"id":964,"href":"http:\/\/ayitimizik.net\/index.php\/wp-json\/wp\/v2\/posts\/618\/revisions\/964"}],"wp:attachment":[{"href":"http:\/\/ayitimizik.net\/index.php\/wp-json\/wp\/v2\/media?parent=618"}],"wp:term":[{"taxonomy":"category","embeddable":true,"href":"http:\/\/ayitimizik.net\/index.php\/wp-json\/wp\/v2\/categories?post=618"},{"taxonomy":"post_tag","embeddable":true,"href":"http:\/\/ayitimizik.net\/index.php\/wp-json\/wp\/v2\/tags?post=618"}],"curies":[{"name":"wp","href":"https:\/\/api.w.org\/{rel}","templated":true}]}}