{"id":598,"date":"2017-11-06T17:48:44","date_gmt":"2017-11-06T16:48:44","guid":{"rendered":"http:\/\/ayitimizik.net\/?p=598"},"modified":"2018-08-29T03:51:05","modified_gmt":"2018-08-29T01:51:05","slug":"communique-de-presse-plateau-jeunes-talents-2017","status":"publish","type":"post","link":"http:\/\/ayitimizik.net\/index.php\/2017\/11\/06\/communique-de-presse-plateau-jeunes-talents-2017\/","title":{"rendered":"COMMUNIQUE DE PRESSE : Plateau Jeunes Talents 2017"},"content":{"rendered":"<p>&nbsp;<\/p>\n<p>&nbsp;<\/p>\n<p>&nbsp;<\/p>\n<p><img loading=\"lazy\" class=\"alignleft wp-image-197\" src=\"http:\/\/ayitimizik.net\/wp-content\/uploads\/2016\/07\/logotype_Ayiti-Mizik-300x161.png\" alt=\"logotype_Ayiti Mizik\" width=\"245\" height=\"132\" srcset=\"http:\/\/ayitimizik.net\/wp-content\/uploads\/2016\/07\/logotype_Ayiti-Mizik-300x161.png 300w, http:\/\/ayitimizik.net\/wp-content\/uploads\/2016\/07\/logotype_Ayiti-Mizik.png 586w\" sizes=\"(max-width: 245px) 100vw, 245px\" \/><\/p>\n<p>&nbsp;<\/p>\n<p><img loading=\"lazy\" class=\"alignnone size-full wp-image-595\" src=\"http:\/\/ayitimizik.net\/wp-content\/uploads\/2017\/11\/Talia-asbl-.png\" alt=\"Talia-asbl-\" width=\"205\" height=\"98\" \/><\/p>\n<p>&nbsp;<\/p>\n<p>&nbsp;<\/p>\n<p>&nbsp;<\/p>\n<p>&nbsp;<\/p>\n<p>COMMUNIQUE DE PRESSE\u00a0 \u00a0 \u00a0 \u00a0 \u00a0 \u00a0 \u00a0 \u00a0 \u00a0 \u00a0 \u00a0 \u00a0 \u00a0 \u00a0 \u00a0 \u00a0 \u00a0 \u00a0 \u00a0 \u00a0 \u00a0 \u00a0 \u00a0 \u00a0 \u00a0 \u00a0 \u00a0 \u00a0 \u00a0 \u00a0 \u00a0 \u00a0 \u00a0 \u00a0 \u00a0 \u00a0 \u00a0 \u00a0 \u00a0 \u00a0 \u00a0 \u00a0 \u00a0 \u00a0 \u00a0 \u00a0 \u00a0 \u00a0 \u00a0Pour diffusion imm\u00e9diate<\/p>\n<p style=\"text-align: justify;\">Port-au-Prince, 6 novembre 2017 \u2013 Ayiti Mizik, l\u2019Association ha\u00eftienne des professionnels de la musique et l\u2019association belge Talia asbl sont heureuses de vous informer du lancement de la troisi\u00e8me et derni\u00e8re s\u00e9rie d\u2019ateliers de formation pr\u00e9vus dans le cadre du projet Plateau Jeunes Talents.<\/p>\n<p style=\"text-align: justify;\">Le projet Plateau Jeunes Talents a pour objectif de contribuer \u00e0 un \u00e9change de comp\u00e9tences en mati\u00e8re de professionnalisation, de formation et de cr\u00e9ation afin d\u2019encourager l\u2019\u00e9mergence d\u2019une nouvelle sc\u00e8ne musicale ha\u00eftienne.<br \/>\nPendant deux ann\u00e9es cons\u00e9cutives, 2015 et 2016, une dizaine de jeunes chanteurs, musiciens et techniciens du son ha\u00eftiens ont profit\u00e9 de s\u00e9ances de formation en \u00e9criture de textes, coaching vocal, coaching musical, coaching sc\u00e9nique et sonorisation. Ces ateliers ont \u00e9t\u00e9 offerts par Talia asbl sous la direction de Pierre Vaiana. Chaque ann\u00e9e, quatre participants ont b\u00e9n\u00e9fici\u00e9 d\u2019une bourse leur permettant d\u2019assister \u00e0 des formations compl\u00e9mentaires en Belgique, \u00e0 la Royale Acad\u00e9mie Internationale d\u2019\u00e9t\u00e9 de Wallonie, qui organise pr\u00e8s de 200 stages, dispens\u00e9s par des artistes professionnels, dans plusieurs domaines artistiques dont la musique.<\/p>\n<p>Pour la derni\u00e8re ann\u00e9e de leur partenariat, Ayiti Mizik et Talia asbl ont fait le choix de travailler \u00e0 nouveau avec les boursiers des ann\u00e9es ant\u00e9rieures, afin d\u2019assurer une forme de suivi des participants et de l\u2019\u00e9volution de leur carri\u00e8re. Quelques places seront toutefois r\u00e9serv\u00e9es pour des nouveaux participants.<br \/>\nLes derniers ateliers se tiendront du 13 au 21 novembre dans la salle du Villate (P\u00e9tion-ville) avec David Casseus, Jehyna Sahyeir Celestin, Coralie H\u00e9rard, Samora Julmisse, Adjamile Marcelin, Jean Gethro Mathon, Gethc\u00e9 Pierre, Imeran Norman, James Vergneau \u00ab Rebel Layonn \u00bb et l\u2019ing\u00e9nieur du son Pierre Edouard Ren\u00e9<br \/>\n4 nouvelles bourses seront accord\u00e9es pour l\u2019\u00e9t\u00e9 2018.<br \/>\nLe projet Plateau Jeunes Talents est financ\u00e9 par Wallonie-Bruxelles International dans le cadre du programme de coop\u00e9ration bilat\u00e9rale entre la R\u00e9publique d\u2019Ha\u00efti et les Gouvernements de la Wallonie et de la F\u00e9d\u00e9ration Wallonie-Bruxelles.<br \/>\n\u00ab Photo : courtoisie Coralie H\u00e9rard \u00bb<\/p>\n<p>&nbsp;<\/p>\n<p><img loading=\"lazy\" class=\"alignnone wp-image-596 size-full\" src=\"http:\/\/ayitimizik.net\/wp-content\/uploads\/2017\/11\/wbi-new-logo.png\" alt=\"wbi-new-logo\" width=\"210\" height=\"120\" \/>\u00a0 \u00a0 \u00a0 \u00a0 \u00a0 \u00a0 \u00a0 \u00a0 \u00a0 \u00a0 \u00a0 \u00a0 \u00a0 \u00a0 \u00a0 \u00a0 \u00a0 \u00a0 \u00a0 \u00a0 \u00a0 \u00a0 \u00a0 \u00a0 \u00a0 \u00a0 \u00a0 \u00a0 \u00a0 \u00a0 \u00a0 \u00a0 \u00a0 \u00a0 \u00a0\u00a0\u00a0<img loading=\"lazy\" class=\"alignnone wp-image-594 size-full\" src=\"http:\/\/ayitimizik.net\/wp-content\/uploads\/2017\/11\/IMG-20171017-WA0010-1.jpg\" alt=\"IMG-20171017-WA0010\" width=\"210\" height=\"157\" \/><\/p>\n<p>&nbsp;<\/p>\n<p>Contact et informations : info@ayitimizik.ht \/ tel : +509 2813 11 43<\/p>\n","protected":false},"excerpt":{"rendered":"<p>&nbsp; &nbsp; &nbsp; &nbsp; &nbsp; &nbsp; &nbsp; &nbsp; COMMUNIQUE DE PRESSE\u00a0 \u00a0 \u00a0 \u00a0 \u00a0 \u00a0 \u00a0 \u00a0 \u00a0 \u00a0 \u00a0 \u00a0 \u00a0 \u00a0 \u00a0 \u00a0 \u00a0 \u00a0 \u00a0 \u00a0 \u00a0 \u00a0 \u00a0 \u00a0 \u00a0 \u00a0 \u00a0 \u00a0 \u00a0 \u00a0 &hellip; <a href=\"http:\/\/ayitimizik.net\/index.php\/2017\/11\/06\/communique-de-presse-plateau-jeunes-talents-2017\/\">Continuer la lecture <span class=\"meta-nav\">&rarr;<\/span><\/a><\/p>\n","protected":false},"author":2,"featured_media":0,"comment_status":"closed","ping_status":"closed","sticky":false,"template":"","format":"standard","meta":[],"categories":[14],"tags":[],"_links":{"self":[{"href":"http:\/\/ayitimizik.net\/index.php\/wp-json\/wp\/v2\/posts\/598"}],"collection":[{"href":"http:\/\/ayitimizik.net\/index.php\/wp-json\/wp\/v2\/posts"}],"about":[{"href":"http:\/\/ayitimizik.net\/index.php\/wp-json\/wp\/v2\/types\/post"}],"author":[{"embeddable":true,"href":"http:\/\/ayitimizik.net\/index.php\/wp-json\/wp\/v2\/users\/2"}],"replies":[{"embeddable":true,"href":"http:\/\/ayitimizik.net\/index.php\/wp-json\/wp\/v2\/comments?post=598"}],"version-history":[{"count":18,"href":"http:\/\/ayitimizik.net\/index.php\/wp-json\/wp\/v2\/posts\/598\/revisions"}],"predecessor-version":[{"id":702,"href":"http:\/\/ayitimizik.net\/index.php\/wp-json\/wp\/v2\/posts\/598\/revisions\/702"}],"wp:attachment":[{"href":"http:\/\/ayitimizik.net\/index.php\/wp-json\/wp\/v2\/media?parent=598"}],"wp:term":[{"taxonomy":"category","embeddable":true,"href":"http:\/\/ayitimizik.net\/index.php\/wp-json\/wp\/v2\/categories?post=598"},{"taxonomy":"post_tag","embeddable":true,"href":"http:\/\/ayitimizik.net\/index.php\/wp-json\/wp\/v2\/tags?post=598"}],"curies":[{"name":"wp","href":"https:\/\/api.w.org\/{rel}","templated":true}]}}