{"id":588,"date":"2017-09-25T16:49:51","date_gmt":"2017-09-25T14:49:51","guid":{"rendered":"http:\/\/ayitimizik.net\/?p=588"},"modified":"2018-08-29T04:37:05","modified_gmt":"2018-08-29T02:37:05","slug":"conference-de-presse-de-la-publication-du-projet-cartographie-de-lindustrie-musicale-haitienne","status":"publish","type":"post","link":"http:\/\/ayitimizik.net\/index.php\/2017\/09\/25\/conference-de-presse-de-la-publication-du-projet-cartographie-de-lindustrie-musicale-haitienne\/","title":{"rendered":"CONF\u00c9RENCE DE PRESSE : Publication de la cartographie de l&rsquo;industrie ha\u00eftienne de la musique"},"content":{"rendered":"<p><u>Communiqu\u00e9 de presse<\/u>\u00a0 \u00a0 \u00a0 \u00a0 \u00a0 \u00a0 \u00a0 \u00a0 \u00a0 \u00a0 \u00a0 \u00a0 \u00a0 \u00a0 \u00a0 \u00a0 \u00a0 \u00a0 \u00a0 \u00a0 \u00a0 \u00a0 \u00a0 \u00a0 \u00a0 \u00a0 \u00a0 \u00a0 \u00a0 \u00a0 \u00a0 \u00a0 \u00a0 \u00a0 \u00a0 \u00a0 \u00a0 \u00a0 \u00a0 \u00a0 \u00a0 \u00a0 \u00a0 \u00a0 \u00a0 \u00a0 \u00a0 \u00a0 \u00a0 \u00a0 \u00a0 \u00a0 \u00a0 \u00a0<u>Pour diffusion imm\u00e9diate<\/u><\/p>\n<p>&nbsp;<\/p>\n<p><strong>PUBLICATION DU RAPPORT DE LA <\/strong><strong>\u00ab\u00a0CARTOGRAPHIE DE L&rsquo;INDUSTRIE HA\u00cfTIENNE DE LA MUSIQUE\u00a0\u00bb<\/strong><strong>PAR AYITI MIZIK, L <\/strong><strong>\u2019ASSOCIATION HA\u00cfTIENNE DES PROFESSIONNELS DE LA MUSIQU<\/strong>E<\/p>\n<p><strong>\u00a0<\/strong>Port-au-Prince le 13 septembre 2017\u00a0\u2013 Ayiti Mizik publie ce jour, le rapport de la cartographie de l\u2019industrie ha\u00eftienne de la musique qui s\u2019est d\u00e9roul\u00e9 d\u2019avril 2016 \u00e0 30 juin 2017.<\/p>\n<p style=\"text-align: justify;\">Cette \u00e9tude, une premi\u00e8re pour le secteur, a recueilli des donn\u00e9es quantitatives gr\u00e2ce \u00e0 la mise en oeuvre d\u2019enqu\u00eates de terrain men\u00e9es dans 6 d\u00e9partements du pays (l\u2019Artibonite, le Centre, le Nord, l\u2019Ouest, le Sud et le Sud-Est, et la diaspora gr\u00e2ce \u00e0 un questionnaire en ligne) ainsi que des donn\u00e9es qualitatives \u00e0 travers la r\u00e9alisation de 7 focus groups. Au total, 1520 professionnels pratiquant 35 m\u00e9tiers diff\u00e9rents ont \u00e9t\u00e9 enqu\u00eat\u00e9s. En compl\u00e9ment, une s\u00e9rie d\u2019entrevues avec une dizaine de personnes-ressources ont permis de r\u00e9unir des informations sp\u00e9cifiques. \u00a0Cette \u00e9tude comprend en outre les recommandations des professionnels du secteur pr\u00e9sents lors de la table ronde nationale du 25 mai dernier sur diff\u00e9rents points comme le statut des professionnels du secteur, la cr\u00e9ation, la diffusion des \u0153uvres, le droit d\u2019auteur et la mobilisation du secteur.<\/p>\n<p style=\"text-align: justify;\">Aujourd\u2019hui, le secteur poss\u00e8de donc une base de donn\u00e9es chiffr\u00e9es et des informations d\u00e9taill\u00e9es qui pourront servir de fondement pour un travail \u00e0 long terme.<\/p>\n<p style=\"text-align: justify;\">Ayiti Mizik a r\u00e9pondu \u00e0 l\u2019appel \u00e0 proposition du Fonds international pour la Diversit\u00e9 Culturelle de l\u2019UNESCO en 2015 gr\u00e2ce auquel elle a pu mener \u00e0 bien ce projet. Outre cette subvention, le projet a re\u00e7u le soutien financier de partenaires-clefs tels que l\u2019Ambassade de Suisse en Ha\u00efti, l\u2019Organisation Internationale de la Francophonie, FOKAL et la Fondation Lucienne Deschamps. Il a b\u00e9n\u00e9fici\u00e9 du soutien op\u00e9rationnel du Minist\u00e8re de la Culture et de la Communication, du Minist\u00e8re du Tourisme et des Industries cr\u00e9atives, du Centre de Facilitation des Investissements, de l\u2019Institut Fran\u00e7ais et le r\u00e9seau des Alliances Fran\u00e7aises en Ha\u00efti, du Nouvelliste et de Radio T\u00e9l\u00e9 M\u00e9tropole.<\/p>\n<p>&nbsp;<\/p>\n<p>Pour information compl\u00e9mentaire contactez\u00a0:<\/p>\n<p><a href=\"mailto:info@ayitimizik.ht\">info@ayitimizik.ht<\/a> +509\/3699-2419 et +509\/2813-1143<\/p>\n<p><a href=\"https:\/\/www.dropbox.com\/s\/rh19vbw04ts6m7s\/Rapport%20Cartographie%20Musique%20Haitienne%20web%20%28secured%29.pdf?dl=0\">Lien Cartographie de l&rsquo;industrie haitienne de la musique<\/a><\/p>\n","protected":false},"excerpt":{"rendered":"<p>Communiqu\u00e9 de presse\u00a0 \u00a0 \u00a0 \u00a0 \u00a0 \u00a0 \u00a0 \u00a0 \u00a0 \u00a0 \u00a0 \u00a0 \u00a0 \u00a0 \u00a0 \u00a0 \u00a0 \u00a0 \u00a0 \u00a0 \u00a0 \u00a0 \u00a0 \u00a0 \u00a0 \u00a0 \u00a0 \u00a0 \u00a0 \u00a0 \u00a0 \u00a0 \u00a0 \u00a0 \u00a0 \u00a0 \u00a0 \u00a0 &hellip; <a href=\"http:\/\/ayitimizik.net\/index.php\/2017\/09\/25\/conference-de-presse-de-la-publication-du-projet-cartographie-de-lindustrie-musicale-haitienne\/\">Continuer la lecture <span class=\"meta-nav\">&rarr;<\/span><\/a><\/p>\n","protected":false},"author":2,"featured_media":0,"comment_status":"closed","ping_status":"closed","sticky":false,"template":"","format":"standard","meta":[],"categories":[14],"tags":[],"_links":{"self":[{"href":"http:\/\/ayitimizik.net\/index.php\/wp-json\/wp\/v2\/posts\/588"}],"collection":[{"href":"http:\/\/ayitimizik.net\/index.php\/wp-json\/wp\/v2\/posts"}],"about":[{"href":"http:\/\/ayitimizik.net\/index.php\/wp-json\/wp\/v2\/types\/post"}],"author":[{"embeddable":true,"href":"http:\/\/ayitimizik.net\/index.php\/wp-json\/wp\/v2\/users\/2"}],"replies":[{"embeddable":true,"href":"http:\/\/ayitimizik.net\/index.php\/wp-json\/wp\/v2\/comments?post=588"}],"version-history":[{"count":5,"href":"http:\/\/ayitimizik.net\/index.php\/wp-json\/wp\/v2\/posts\/588\/revisions"}],"predecessor-version":[{"id":755,"href":"http:\/\/ayitimizik.net\/index.php\/wp-json\/wp\/v2\/posts\/588\/revisions\/755"}],"wp:attachment":[{"href":"http:\/\/ayitimizik.net\/index.php\/wp-json\/wp\/v2\/media?parent=588"}],"wp:term":[{"taxonomy":"category","embeddable":true,"href":"http:\/\/ayitimizik.net\/index.php\/wp-json\/wp\/v2\/categories?post=588"},{"taxonomy":"post_tag","embeddable":true,"href":"http:\/\/ayitimizik.net\/index.php\/wp-json\/wp\/v2\/tags?post=588"}],"curies":[{"name":"wp","href":"https:\/\/api.w.org\/{rel}","templated":true}]}}