{"id":548,"date":"2017-06-26T17:39:20","date_gmt":"2017-06-26T15:39:20","guid":{"rendered":"http:\/\/ayitimizik.net\/?p=548"},"modified":"2018-08-29T03:51:33","modified_gmt":"2018-08-29T01:51:33","slug":"invitation-a-lassemblee-generale-dayiti-mizik","status":"publish","type":"post","link":"http:\/\/ayitimizik.net\/index.php\/2017\/06\/26\/invitation-a-lassemblee-generale-dayiti-mizik\/","title":{"rendered":"INVITATION : Assembl\u00e9e G\u00e9n\u00e9rale Ayiti Mizik 2017"},"content":{"rendered":"<p><span style=\"color: #ff6600;\">Chers membres d&rsquo;Ayiti Mizik<\/span><\/p>\n<p><span style=\"color: #ff6600;\">Bonjour!<\/span><\/p>\n<p>Nous sommes tr\u00e8s heureux de vous convier \u00e0 l&rsquo;assembl\u00e9e\u00a0g\u00e9n\u00e9rale\u00a0de l&rsquo;association AYITI MIZIK\u00a0qui se tiendra le\u00a0samedi 1er juillet\u00a02017\u00a0A Kay Mizik La, au 12, Rue villate, P\u00e9tion ville<\/p>\n<p style=\"text-align: center;\"><strong>Au programme &#8211; 10h00am:<\/strong><\/p>\n<p style=\"text-align: center;\">Bilan moral par le Pr\u00e9sident, Eddy Renaud<\/p>\n<p style=\"text-align: center;\">Bilan financier par la Tr\u00e9sori\u00e8re, Pascale Jaunay<\/p>\n<p style=\"text-align: center;\">Bilan des activit\u00e9s par le secr\u00e9taire, Jean Gesner Dorval<\/p>\n<p style=\"text-align: center;\">Projets et perspectives 2017-2018 par la Vice-pr\u00e9sidente, Milena Sandler<\/p>\n<p style=\"text-align: center;\">Questions et propositions diverses<\/p>\n<p style=\"text-align: center;\">\u00a0 \u00a0 \u00a0 \u00a0 \u00a0 \u00a0 \u00a0 \u00a0 \u00a0Rafra\u00eechissements<\/p>\n<p style=\"text-align: center;\"><span style=\"color: #ff6600;\">Nous vous attendons nombreux<\/span><\/p>\n<p style=\"text-align: center;\"><em>L&rsquo;Assembl\u00e9e\u00a0G\u00e9n\u00e9rale\u00a0d&rsquo;Ayiti Mizik est r\u00e9serv\u00e9e aux membres \u00e0 jour de cotisation,<\/em><\/p>\n<p style=\"text-align: center;\"><em>\u00a0et\u00a0pour les membres qui ne sont pas \u00e0 jour de cotisation ou les personnes qui souhaitent devenir membres,\u00a0<\/em><\/p>\n<p style=\"text-align: center;\"><em>c&rsquo;est l&rsquo;occasion de vous inscrire ou de vous mettre \u00e0 jour<\/em>.<\/p>\n<p style=\"text-align: center;\"><strong>KAY MIZIK LA : 12, RUE VILATTE, \u00a0PETION-VILLE TEL: 2813-1143<\/strong><\/p>\n<p style=\"text-align: center;\">info@ayitimizik.net<\/p>\n<div class=\"m_-3052049968575264384gmail-yj6qo m_-3052049968575264384gmail-ajU\"><\/div>\n","protected":false},"excerpt":{"rendered":"<p>Chers membres d&rsquo;Ayiti Mizik Bonjour! Nous sommes tr\u00e8s heureux de vous convier \u00e0 l&rsquo;assembl\u00e9e\u00a0g\u00e9n\u00e9rale\u00a0de l&rsquo;association AYITI MIZIK\u00a0qui se tiendra le\u00a0samedi 1er juillet\u00a02017\u00a0A Kay Mizik La, au 12, Rue villate, P\u00e9tion ville Au programme &#8211; 10h00am: Bilan moral par le Pr\u00e9sident, &hellip; <a href=\"http:\/\/ayitimizik.net\/index.php\/2017\/06\/26\/invitation-a-lassemblee-generale-dayiti-mizik\/\">Continuer la lecture <span class=\"meta-nav\">&rarr;<\/span><\/a><\/p>\n","protected":false},"author":2,"featured_media":0,"comment_status":"closed","ping_status":"closed","sticky":false,"template":"","format":"standard","meta":[],"categories":[14],"tags":[],"_links":{"self":[{"href":"http:\/\/ayitimizik.net\/index.php\/wp-json\/wp\/v2\/posts\/548"}],"collection":[{"href":"http:\/\/ayitimizik.net\/index.php\/wp-json\/wp\/v2\/posts"}],"about":[{"href":"http:\/\/ayitimizik.net\/index.php\/wp-json\/wp\/v2\/types\/post"}],"author":[{"embeddable":true,"href":"http:\/\/ayitimizik.net\/index.php\/wp-json\/wp\/v2\/users\/2"}],"replies":[{"embeddable":true,"href":"http:\/\/ayitimizik.net\/index.php\/wp-json\/wp\/v2\/comments?post=548"}],"version-history":[{"count":4,"href":"http:\/\/ayitimizik.net\/index.php\/wp-json\/wp\/v2\/posts\/548\/revisions"}],"predecessor-version":[{"id":694,"href":"http:\/\/ayitimizik.net\/index.php\/wp-json\/wp\/v2\/posts\/548\/revisions\/694"}],"wp:attachment":[{"href":"http:\/\/ayitimizik.net\/index.php\/wp-json\/wp\/v2\/media?parent=548"}],"wp:term":[{"taxonomy":"category","embeddable":true,"href":"http:\/\/ayitimizik.net\/index.php\/wp-json\/wp\/v2\/categories?post=548"},{"taxonomy":"post_tag","embeddable":true,"href":"http:\/\/ayitimizik.net\/index.php\/wp-json\/wp\/v2\/tags?post=548"}],"curies":[{"name":"wp","href":"https:\/\/api.w.org\/{rel}","templated":true}]}}