{"id":529,"date":"2017-06-09T16:55:53","date_gmt":"2017-06-09T14:55:53","guid":{"rendered":"http:\/\/ayitimizik.net\/?p=529"},"modified":"2018-08-29T04:37:28","modified_gmt":"2018-08-29T02:37:28","slug":"festival-de-musique-du-monde-esperanzah-en-belgique","status":"publish","type":"post","link":"http:\/\/ayitimizik.net\/index.php\/2017\/06\/09\/festival-de-musique-du-monde-esperanzah-en-belgique\/","title":{"rendered":"ANNONCE membres : Festival de musique du monde ESPERANZAH en Belgique!"},"content":{"rendered":"<p class=\"alignnone\" style=\"text-align: justify;\"><img loading=\"lazy\" class=\"alignleft wp-image-531\" src=\"http:\/\/ayitimizik.net\/wp-content\/uploads\/2017\/06\/19059650_1404209726337434_8062467814167285829_n-423x423.jpg\" alt=\"19059650_1404209726337434_8062467814167285829_n\" width=\"252\" height=\"252\" srcset=\"http:\/\/ayitimizik.net\/wp-content\/uploads\/2017\/06\/19059650_1404209726337434_8062467814167285829_n-423x423.jpg 423w, http:\/\/ayitimizik.net\/wp-content\/uploads\/2017\/06\/19059650_1404209726337434_8062467814167285829_n-150x150.jpg 150w, http:\/\/ayitimizik.net\/wp-content\/uploads\/2017\/06\/19059650_1404209726337434_8062467814167285829_n-237x237.jpg 237w, http:\/\/ayitimizik.net\/wp-content\/uploads\/2017\/06\/19059650_1404209726337434_8062467814167285829_n.jpg 526w\" sizes=\"(max-width: 252px) 100vw, 252px\" \/>Chers membres d&rsquo;Ayiti Mizik,<\/p>\n<p style=\"text-align: justify;\">Dorval Jean Gesner, secr\u00e9taire \u00e9x\u00e9cutif de l&rsquo;association Ayiti Mizik et animateur de Kay Mizik la sera en stage pratique de production avec la societ\u00e9 \u00ab\u00a0Step in live\u00a0\u00bb sur le festival de musique du monde Esperanzah en Belgique cette ann\u00e9e (http:\/\/esperanzah.be)<\/p>\n<p style=\"text-align: justify;\">A cette occasion, tous les membres \u00e0 jour de cotisation qui souhaiteraient envoyer un dossier \u00e0 l\u2019attention des programmateurs du festival sont pri\u00e9s de le contacter au:<br \/>\n12, rue villate, p\u00e9tion-ville<br \/>\nT\u00e9l : (+509) 28 13 11 43<\/p>\n<p style=\"text-align: justify;\">Date limite: 10 juillet \/ 4hpm<\/p>\n","protected":false},"excerpt":{"rendered":"<p>Chers membres d&rsquo;Ayiti Mizik, Dorval Jean Gesner, secr\u00e9taire \u00e9x\u00e9cutif de l&rsquo;association Ayiti Mizik et animateur de Kay Mizik la sera en stage pratique de production avec la societ\u00e9 \u00ab\u00a0Step in live\u00a0\u00bb sur le festival de musique du monde Esperanzah en &hellip; <a href=\"http:\/\/ayitimizik.net\/index.php\/2017\/06\/09\/festival-de-musique-du-monde-esperanzah-en-belgique\/\">Continuer la lecture <span class=\"meta-nav\">&rarr;<\/span><\/a><\/p>\n","protected":false},"author":2,"featured_media":0,"comment_status":"closed","ping_status":"closed","sticky":false,"template":"","format":"standard","meta":[],"categories":[14],"tags":[],"_links":{"self":[{"href":"http:\/\/ayitimizik.net\/index.php\/wp-json\/wp\/v2\/posts\/529"}],"collection":[{"href":"http:\/\/ayitimizik.net\/index.php\/wp-json\/wp\/v2\/posts"}],"about":[{"href":"http:\/\/ayitimizik.net\/index.php\/wp-json\/wp\/v2\/types\/post"}],"author":[{"embeddable":true,"href":"http:\/\/ayitimizik.net\/index.php\/wp-json\/wp\/v2\/users\/2"}],"replies":[{"embeddable":true,"href":"http:\/\/ayitimizik.net\/index.php\/wp-json\/wp\/v2\/comments?post=529"}],"version-history":[{"count":7,"href":"http:\/\/ayitimizik.net\/index.php\/wp-json\/wp\/v2\/posts\/529\/revisions"}],"predecessor-version":[{"id":705,"href":"http:\/\/ayitimizik.net\/index.php\/wp-json\/wp\/v2\/posts\/529\/revisions\/705"}],"wp:attachment":[{"href":"http:\/\/ayitimizik.net\/index.php\/wp-json\/wp\/v2\/media?parent=529"}],"wp:term":[{"taxonomy":"category","embeddable":true,"href":"http:\/\/ayitimizik.net\/index.php\/wp-json\/wp\/v2\/categories?post=529"},{"taxonomy":"post_tag","embeddable":true,"href":"http:\/\/ayitimizik.net\/index.php\/wp-json\/wp\/v2\/tags?post=529"}],"curies":[{"name":"wp","href":"https:\/\/api.w.org\/{rel}","templated":true}]}}