{"id":496,"date":"2016-12-07T18:21:58","date_gmt":"2016-12-07T17:21:58","guid":{"rendered":"http:\/\/ayitimizik.net\/?p=496"},"modified":"2018-08-29T04:37:38","modified_gmt":"2018-08-29T02:37:38","slug":"496","status":"publish","type":"post","link":"http:\/\/ayitimizik.net\/index.php\/2016\/12\/07\/496\/","title":{"rendered":"COMMUNIQU\u00c9 DE PRESSE : Plateau Jeunes Talents 2016"},"content":{"rendered":"<p><strong>COMMUNIQUE DE PRESSE\u00a0\u00a0\u00a0\u00a0\u00a0\u00a0\u00a0\u00a0\u00a0\u00a0\u00a0\u00a0\u00a0\u00a0\u00a0\u00a0\u00a0\u00a0\u00a0\u00a0\u00a0\u00a0\u00a0\u00a0\u00a0\u00a0\u00a0\u00a0\u00a0\u00a0\u00a0\u00a0\u00a0\u00a0\u00a0\u00a0\u00a0\u00a0\u00a0\u00a0\u00a0\u00a0\u00a0\u00a0\u00a0\u00a0\u00a0\u00a0\u00a0\u00a0\u00a0\u00a0\u00a0\u00a0\u00a0\u00a0\u00a0\u00a0\u00a0\u00a0\u00a0\u00a0\u00a0\u00a0\u00a0\u00a0\u00a0\u00a0\u00a0\u00a0\u00a0\u00a0\u00a0\u00a0\u00a0\u00a0\u00a0\u00a0\u00a0\u00a0\u00a0\u00a0\u00a0\u00a0 Pour diffusion imm<\/strong><strong>\u00e9<\/strong><strong>diate<\/strong><\/p>\n<p><strong>\u00a0<\/strong><\/p>\n<p style=\"text-align: justify;\"><strong>Port-au-Prince, 28 novembre 2016 \u2013 Ayiti Mizik<\/strong>, l\u2019Association ha\u00eftienne des professionnels de la musique et l\u2019association belge <strong>Talia asbl <\/strong>sont heureuses de vous informer du lancement de la seconde s\u00e9rie d\u2019ateliers de formation pr\u00e9vus dans le cadre du projet <strong><em>Plateau Jeunes Talents<\/em><\/strong><em>.<\/em><\/p>\n<p style=\"text-align: justify;\">Le projet <strong><em>Plateau Jeunes Talents <\/em><\/strong>a pour objectif de contribuer \u00e0 un \u00e9change de comp\u00e9tences en mati\u00e8re de professionnalisation, de formation et de cr\u00e9ation afin d\u2019encourager l\u2019\u00e9mergence d\u2019une nouvelle sc\u00e8ne musicale ha\u00eftienne.<\/p>\n<p style=\"text-align: justify;\">Une premi\u00e8re s\u00e9rie d\u2019ateliers ont eu lieu fin 2015. Pendant une semaine, une dizaine de jeunes chanteurs, musiciens et techniciens du son ha\u00eftiens ont b\u00e9n\u00e9fici\u00e9 de s\u00e9ances de formation en \u00e9criture de textes, coaching vocal, coaching musical, coaching sc\u00e9nique et sonorisation. Quatre d\u2019entre eux se sont ensuite rendus en Belgique au mois de juillet pour suivre une formation compl\u00e9mentaire.<\/p>\n<p style=\"text-align: justify;\">L\u2019op\u00e9ration se r\u00e9p\u00e8te pour l\u2019ann\u00e9e 2 du projet. L\u2019\u00e9quipe belge constitu\u00e9e de Pierre Vaiana, C\u00e9dric van Caillie, Beno\u00eet Tempels et Fran\u00e7ois Vaiana rencontrera prochainement les participants ha\u00eftiens, s\u00e9lectionn\u00e9s parmi les candidats recommand\u00e9s par les institutions partenaires de Ayiti Mizik. Les ateliers se tiendront du 7 au 14 d\u00e9cembre dans la salle du Villate situ\u00e9e \u00e0 P\u00e9tion-ville. Une restitution publique est pr\u00e9vue pour la cl\u00f4ture des ateliers.<\/p>\n<p style=\"text-align: justify;\">Selon Pierre Vaiana, responsable de Talia asbl\u00a0, \u00ab\u00a0Ha\u00efti regorge de jeunes talents en mati\u00e8re de musique. Toutefois, il leur manque souvent les outils pour \u00eatre de vrais professionnels. Cet atelier a pour ambition de proposer aux participants un travail intensif sous la supervision de quatre coaches : chant, pr\u00e9sence sc\u00e9nique, musicalit\u00e9 et technique de sc\u00e8ne. Des informations concr\u00e8tes leur seront donn\u00e9es au cours de cette semaine de travail. Pour quatre d\u2019entre eux, le travail se prolongera au cours de stages d\u2019\u00e9t\u00e9 en F\u00e9d\u00e9ration Wallonie-Bruxelles\u00a0\u00bb.<\/p>\n<p style=\"text-align: justify;\">En effet, les artistes et techniciens laur\u00e9ats de cette seconde session de formation partiront en Belgique durant l\u2019\u00e9t\u00e9 2017, pour une r\u00e9sidence de cr\u00e9ation et de formation, coordonn\u00e9e par Talia asbl.<\/p>\n<p style=\"text-align: justify;\">Le projet <strong><em>Plateau Jeunes Talents<\/em><\/strong> est financ\u00e9 par Wallonie-Bruxelles International dans le cadre du programme de coop\u00e9ration bilat\u00e9rale entre la R\u00e9publique d\u2019Ha\u00efti et les Gouvernements de la Wallonie et de la F\u00e9d\u00e9ration Wallonie-Bruxelles.<\/p>\n<p style=\"text-align: justify;\"><strong>Contact et informations<\/strong><strong>\u00a0<\/strong><strong>: <\/strong><a href=\"mailto:info@ayitimizik.ht\">info@ayitimizik.ht<\/a><\/p>\n<p style=\"text-align: justify;\"><strong>+509 2813 11 43<\/strong><\/p>\n<p><em>\u00a0<img loading=\"lazy\" class=\"alignnone wp-image-480\" src=\"http:\/\/ayitimizik.net\/wp-content\/uploads\/2016\/11\/Talia-asbl-logo-1.png\" alt=\"talia-asbl-logo\" width=\"201\" height=\"107\" \/>\u00a0\u00a0<img loading=\"lazy\" class=\"alignnone wp-image-197\" src=\"http:\/\/ayitimizik.net\/wp-content\/uploads\/2016\/07\/logotype_Ayiti-Mizik-300x161.png\" alt=\"logotype_Ayiti Mizik\" width=\"235\" height=\"121\" \/>\u00a0<img loading=\"lazy\" class=\"alignnone wp-image-519\" src=\"http:\/\/ayitimizik.net\/wp-content\/uploads\/2016\/12\/wbi-new-logo.jpg\" alt=\"wbi-new-logo\" width=\"214\" height=\"120\" \/><\/em><\/p>\n<p><em>\u00a0<\/em><\/p>\n<p><em>\u00a0<\/em><\/p>\n<p>&nbsp;<\/p>\n","protected":false},"excerpt":{"rendered":"<p>COMMUNIQUE DE PRESSE\u00a0\u00a0\u00a0\u00a0\u00a0\u00a0\u00a0\u00a0\u00a0\u00a0\u00a0\u00a0\u00a0\u00a0\u00a0\u00a0\u00a0\u00a0\u00a0\u00a0\u00a0\u00a0\u00a0\u00a0\u00a0\u00a0\u00a0\u00a0\u00a0\u00a0\u00a0\u00a0\u00a0\u00a0\u00a0\u00a0\u00a0\u00a0\u00a0\u00a0\u00a0\u00a0\u00a0\u00a0\u00a0\u00a0\u00a0\u00a0\u00a0\u00a0\u00a0\u00a0\u00a0\u00a0\u00a0\u00a0\u00a0\u00a0\u00a0\u00a0\u00a0\u00a0\u00a0\u00a0\u00a0\u00a0\u00a0\u00a0\u00a0\u00a0\u00a0\u00a0\u00a0\u00a0\u00a0\u00a0\u00a0\u00a0\u00a0\u00a0\u00a0\u00a0\u00a0\u00a0 Pour diffusion imm\u00e9diate \u00a0 Port-au-Prince, 28 novembre 2016 \u2013 Ayiti Mizik, l\u2019Association ha\u00eftienne des professionnels de la musique et l\u2019association belge Talia asbl sont heureuses de vous informer du lancement de la seconde s\u00e9rie d\u2019ateliers de formation &hellip; <a href=\"http:\/\/ayitimizik.net\/index.php\/2016\/12\/07\/496\/\">Continuer la lecture <span class=\"meta-nav\">&rarr;<\/span><\/a><\/p>\n","protected":false},"author":2,"featured_media":0,"comment_status":"closed","ping_status":"closed","sticky":false,"template":"","format":"standard","meta":[],"categories":[14],"tags":[],"_links":{"self":[{"href":"http:\/\/ayitimizik.net\/index.php\/wp-json\/wp\/v2\/posts\/496"}],"collection":[{"href":"http:\/\/ayitimizik.net\/index.php\/wp-json\/wp\/v2\/posts"}],"about":[{"href":"http:\/\/ayitimizik.net\/index.php\/wp-json\/wp\/v2\/types\/post"}],"author":[{"embeddable":true,"href":"http:\/\/ayitimizik.net\/index.php\/wp-json\/wp\/v2\/users\/2"}],"replies":[{"embeddable":true,"href":"http:\/\/ayitimizik.net\/index.php\/wp-json\/wp\/v2\/comments?post=496"}],"version-history":[{"count":15,"href":"http:\/\/ayitimizik.net\/index.php\/wp-json\/wp\/v2\/posts\/496\/revisions"}],"predecessor-version":[{"id":690,"href":"http:\/\/ayitimizik.net\/index.php\/wp-json\/wp\/v2\/posts\/496\/revisions\/690"}],"wp:attachment":[{"href":"http:\/\/ayitimizik.net\/index.php\/wp-json\/wp\/v2\/media?parent=496"}],"wp:term":[{"taxonomy":"category","embeddable":true,"href":"http:\/\/ayitimizik.net\/index.php\/wp-json\/wp\/v2\/categories?post=496"},{"taxonomy":"post_tag","embeddable":true,"href":"http:\/\/ayitimizik.net\/index.php\/wp-json\/wp\/v2\/tags?post=496"}],"curies":[{"name":"wp","href":"https:\/\/api.w.org\/{rel}","templated":true}]}}