{"id":488,"date":"2016-12-07T15:57:53","date_gmt":"2016-12-07T14:57:53","guid":{"rendered":"http:\/\/ayitimizik.net\/?p=488"},"modified":"2018-08-29T04:38:18","modified_gmt":"2018-08-29T02:38:18","slug":"conference-de-presse-du-concert-de-lancement-de-lalbum-on-se-rappellera-par-les-jeunes-du-projet-workshop-et-parrainage-jeunes-talents","status":"publish","type":"post","link":"http:\/\/ayitimizik.net\/index.php\/2016\/12\/07\/conference-de-presse-du-concert-de-lancement-de-lalbum-on-se-rappellera-par-les-jeunes-du-projet-workshop-et-parrainage-jeunes-talents\/","title":{"rendered":"CONFERENCE DE PRESSE : Lancement de l\u2019album \u00ab On se rappellera \u00bb du projet \u00ab Workshop et parrainage jeunes talents \u00bb"},"content":{"rendered":"<p style=\"text-align: justify;\">Cher(e)s ami(e)s de la presse,<\/p>\n<p style=\"text-align: justify;\">Les partenaires<img loading=\"lazy\" class=\"alignleft wp-image-487\" src=\"http:\/\/ayitimizik.net\/wp-content\/uploads\/2016\/12\/MUCD1-298x423.png\" alt=\"mucd1\" width=\"243\" height=\"281\" \/> du projet \u00ab\u00a0Workshop et parrainage jeunes talents\u00a0\u00bb ont le plaisir de vous inviter \u00e0 prendre part activement \u00e0 la conf\u00e9rence de presse du\u00a0<strong><u>Vendredi 9 d\u00e9cembre 2016 \u00e0 10h am\u00a0<\/u><\/strong>au local de l\u2019Institut fran\u00e7ais en Ha\u00efti<\/p>\n<p style=\"text-align: justify;\"><strong>Concert de lancement de l\u2019album\u00a0<em>On se rappellera\u00a0 <\/em>par les jeunes du projet\u00a0 \u00ab\u00a0Workshop et parrainage jeunes talents\u00a0\u00bb, le 15 d\u00e9cembre 2016 \u00e0 l\u2019Institut fran\u00e7ais en Ha\u00efti.<\/strong><\/p>\n<p style=\"text-align: justify;\">Initi\u00e9 par l\u2019Institut fran\u00e7ais en Ha\u00efti et Ayiti Mizik, et b\u00e9n\u00e9ficiant du soutien de l\u2019Institut fran\u00e7ais de Paris et de FOKAL, le projet \u00a0\u00ab\u00a0Workshop et parrainage jeunes talents\u00a0\u00bb accompagne depuis 2015 des jeunes talents de la sc\u00e8ne ha\u00eftienne via des ateliers de formation et de cr\u00e9ation avec des professionnels ha\u00eftiens et \u00e9trangers.<\/p>\n<p style=\"text-align: justify;\">L\u2019album <em>On se rappellera<\/em>\u00a0 est le fruit de deux ann\u00e9es de travail et d\u2019encadrement, alliant les styles de cinq jeunes musiciens aux influences vari\u00e9es, et compos\u00e9 sous le regard avis\u00e9 d\u2019artistes et professionnels incontournables de la sc\u00e8ne locale\u00a0: BIC, Jean Jean Roosevelt, B\u00e9lo, Tamara Suffren, Nicky Christ, Gahri Lubin.. et tant d\u2019autres.<\/p>\n<p><iframe loading=\"lazy\" src=\"https:\/\/www.youtube.com\/embed\/TX5OIq-80SM\" width=\"560\" height=\"315\" frameborder=\"0\" allowfullscreen=\"allowfullscreen\"><\/iframe><\/p>\n","protected":false},"excerpt":{"rendered":"<p>Cher(e)s ami(e)s de la presse, Les partenaires du projet \u00ab\u00a0Workshop et parrainage jeunes talents\u00a0\u00bb ont le plaisir de vous inviter \u00e0 prendre part activement \u00e0 la conf\u00e9rence de presse du\u00a0Vendredi 9 d\u00e9cembre 2016 \u00e0 10h am\u00a0au local de l\u2019Institut fran\u00e7ais &hellip; <a href=\"http:\/\/ayitimizik.net\/index.php\/2016\/12\/07\/conference-de-presse-du-concert-de-lancement-de-lalbum-on-se-rappellera-par-les-jeunes-du-projet-workshop-et-parrainage-jeunes-talents\/\">Continuer la lecture <span class=\"meta-nav\">&rarr;<\/span><\/a><\/p>\n","protected":false},"author":2,"featured_media":0,"comment_status":"closed","ping_status":"closed","sticky":false,"template":"","format":"standard","meta":[],"categories":[14],"tags":[],"_links":{"self":[{"href":"http:\/\/ayitimizik.net\/index.php\/wp-json\/wp\/v2\/posts\/488"}],"collection":[{"href":"http:\/\/ayitimizik.net\/index.php\/wp-json\/wp\/v2\/posts"}],"about":[{"href":"http:\/\/ayitimizik.net\/index.php\/wp-json\/wp\/v2\/types\/post"}],"author":[{"embeddable":true,"href":"http:\/\/ayitimizik.net\/index.php\/wp-json\/wp\/v2\/users\/2"}],"replies":[{"embeddable":true,"href":"http:\/\/ayitimizik.net\/index.php\/wp-json\/wp\/v2\/comments?post=488"}],"version-history":[{"count":19,"href":"http:\/\/ayitimizik.net\/index.php\/wp-json\/wp\/v2\/posts\/488\/revisions"}],"predecessor-version":[{"id":502,"href":"http:\/\/ayitimizik.net\/index.php\/wp-json\/wp\/v2\/posts\/488\/revisions\/502"}],"wp:attachment":[{"href":"http:\/\/ayitimizik.net\/index.php\/wp-json\/wp\/v2\/media?parent=488"}],"wp:term":[{"taxonomy":"category","embeddable":true,"href":"http:\/\/ayitimizik.net\/index.php\/wp-json\/wp\/v2\/categories?post=488"},{"taxonomy":"post_tag","embeddable":true,"href":"http:\/\/ayitimizik.net\/index.php\/wp-json\/wp\/v2\/tags?post=488"}],"curies":[{"name":"wp","href":"https:\/\/api.w.org\/{rel}","templated":true}]}}