{"id":478,"date":"2016-11-29T21:16:47","date_gmt":"2016-11-29T20:16:47","guid":{"rendered":"http:\/\/ayitimizik.net\/?p=478"},"modified":"2018-08-29T04:38:35","modified_gmt":"2018-08-29T02:38:35","slug":"annonce-des-resultats-pour-le-programme-plateau-jeune-talents-2016","status":"publish","type":"post","link":"http:\/\/ayitimizik.net\/index.php\/2016\/11\/29\/annonce-des-resultats-pour-le-programme-plateau-jeune-talents-2016\/","title":{"rendered":"ANNONCE: R\u00e9sultats du projet \u00ab\u00a0Plateau Jeunes Talents\u00a0\u00bb 2016"},"content":{"rendered":"<p>Suite aux \u00e9changes r\u00e9alis\u00e9s entre Talia asbl et Ayiti Mizik\u00a0dans le cadre du projet \u00ab\u00a0Plateau Jeunes Talents\u00a0\u00bb, 10 candidatures ont \u00e9t\u00e9 retenues en fonction des objectifs et des crit\u00e8res \u00e9labor\u00e9s par Talia (voix \/ justesse \/ musicalit\u00e9 \/ texte \/ originalit\u00e9 pour les chanteurs et technique \/ sens du rythme \/ musicalit\u00e9 \/ voicing-couleur \/ musicalit\u00e9 pour les instrumentistes).<\/p>\n<p style=\"text-align: justify;\">Les candidats retenus sont les suivants :<\/p>\n<p>&nbsp;<\/p>\n<ol>\n<li style=\"text-align: justify;\"><strong>Axide, bassiste<\/strong><\/li>\n<li style=\"text-align: justify;\"><strong>Dardompr\u00e9 Harris, chanteur<\/strong><\/li>\n<li style=\"text-align: justify;\"><strong>H\u00e9rard Coralie, chanteuse<\/strong><\/li>\n<li style=\"text-align: justify;\"><strong>Jean Louis Azaphe Micaelle, chanteuse<\/strong><\/li>\n<li style=\"text-align: justify;\"><strong>Julmisse Samora Cynthia, pianiste<\/strong><\/li>\n<li style=\"text-align: justify;\"><strong>Pierre Jean Ernst, percussionniste<\/strong><\/li>\n<li style=\"text-align: justify;\"><strong>Pierrevil Jo\u00ebl, chanteur<\/strong><\/li>\n<li style=\"text-align: justify;\"><strong>Pierre Edouard Ren\u00e9, technicien son<\/strong><\/li>\n<li style=\"text-align: justify;\"><strong>Sahyier Celestin Jehyna, chanteuse\u00a0<\/strong><\/li>\n<li style=\"text-align: justify;\"><strong>Sterlin Marie Francia, chanteuse<\/strong><\/li>\n<\/ol>\n<p>&nbsp;<\/p>\n<p style=\"text-align: justify;\">Talia asbl et Ayiti Mizik f\u00e9licitent d\u2019ores et d\u00e9j\u00e0 les candidats retenus et leur communiqueront ult\u00e9rieurement les informations relatives \u00e0 la semaine de formation.<\/p>\n<p style=\"text-align: justify;\">Elles encouragent tous les autres \u00e0 pers\u00e9v\u00e9rer dans leur effort et \u00e0 repr\u00e9senter leur candidature lors d\u2019appels \u00e0 projet \u00e0 venir.<\/p>\n<p>&nbsp;<\/p>\n<p>Cordialement,<\/p>\n<p>Comit\u00e9 conjoint Ayiti Mizik \/ Talia Asbl<\/p>\n<p><img loading=\"lazy\" class=\"alignnone wp-image-197\" src=\"http:\/\/ayitimizik.net\/wp-content\/uploads\/2016\/07\/logotype_Ayiti-Mizik-300x161.png\" alt=\"logotype_Ayiti Mizik\" width=\"182\" height=\"97\" srcset=\"http:\/\/ayitimizik.net\/wp-content\/uploads\/2016\/07\/logotype_Ayiti-Mizik-300x161.png 300w, http:\/\/ayitimizik.net\/wp-content\/uploads\/2016\/07\/logotype_Ayiti-Mizik.png 586w\" sizes=\"(max-width: 182px) 100vw, 182px\" \/>\u00a0\u00a0<img loading=\"lazy\" class=\"alignnone wp-image-477\" src=\"http:\/\/ayitimizik.net\/wp-content\/uploads\/2016\/11\/wbi-new-logo.png\" alt=\"wbi-new-logo\" width=\"197\" height=\"101\" \/>\u00a0 \u00a0<img loading=\"lazy\" class=\"alignnone wp-image-480\" src=\"http:\/\/ayitimizik.net\/wp-content\/uploads\/2016\/11\/Talia-asbl-logo-1.png\" alt=\"talia-asbl-logo\" width=\"208\" height=\"101\" \/><\/p>\n<p>&nbsp;<\/p>\n","protected":false},"excerpt":{"rendered":"<p>Suite aux \u00e9changes r\u00e9alis\u00e9s entre Talia asbl et Ayiti Mizik\u00a0dans le cadre du projet \u00ab\u00a0Plateau Jeunes Talents\u00a0\u00bb, 10 candidatures ont \u00e9t\u00e9 retenues en fonction des objectifs et des crit\u00e8res \u00e9labor\u00e9s par Talia (voix \/ justesse \/ musicalit\u00e9 \/ texte \/ &hellip; <a href=\"http:\/\/ayitimizik.net\/index.php\/2016\/11\/29\/annonce-des-resultats-pour-le-programme-plateau-jeune-talents-2016\/\">Continuer la lecture <span class=\"meta-nav\">&rarr;<\/span><\/a><\/p>\n","protected":false},"author":2,"featured_media":0,"comment_status":"closed","ping_status":"closed","sticky":false,"template":"","format":"standard","meta":[],"categories":[14],"tags":[],"_links":{"self":[{"href":"http:\/\/ayitimizik.net\/index.php\/wp-json\/wp\/v2\/posts\/478"}],"collection":[{"href":"http:\/\/ayitimizik.net\/index.php\/wp-json\/wp\/v2\/posts"}],"about":[{"href":"http:\/\/ayitimizik.net\/index.php\/wp-json\/wp\/v2\/types\/post"}],"author":[{"embeddable":true,"href":"http:\/\/ayitimizik.net\/index.php\/wp-json\/wp\/v2\/users\/2"}],"replies":[{"embeddable":true,"href":"http:\/\/ayitimizik.net\/index.php\/wp-json\/wp\/v2\/comments?post=478"}],"version-history":[{"count":8,"href":"http:\/\/ayitimizik.net\/index.php\/wp-json\/wp\/v2\/posts\/478\/revisions"}],"predecessor-version":[{"id":687,"href":"http:\/\/ayitimizik.net\/index.php\/wp-json\/wp\/v2\/posts\/478\/revisions\/687"}],"wp:attachment":[{"href":"http:\/\/ayitimizik.net\/index.php\/wp-json\/wp\/v2\/media?parent=478"}],"wp:term":[{"taxonomy":"category","embeddable":true,"href":"http:\/\/ayitimizik.net\/index.php\/wp-json\/wp\/v2\/categories?post=478"},{"taxonomy":"post_tag","embeddable":true,"href":"http:\/\/ayitimizik.net\/index.php\/wp-json\/wp\/v2\/tags?post=478"}],"curies":[{"name":"wp","href":"https:\/\/api.w.org\/{rel}","templated":true}]}}