{"id":460,"date":"2016-09-27T18:16:27","date_gmt":"2016-09-27T16:16:27","guid":{"rendered":"http:\/\/ayitimizik.net\/?p=460"},"modified":"2018-08-29T05:01:33","modified_gmt":"2018-08-29T03:01:33","slug":"460","status":"publish","type":"post","link":"http:\/\/ayitimizik.net\/index.php\/2016\/09\/27\/460\/","title":{"rendered":"APPEL A CANDIDATURES : Plateau Jeunes Talents 2016"},"content":{"rendered":"<p><img loading=\"lazy\" class=\"wp-image-471 alignleft\" src=\"http:\/\/ayitimizik.net\/wp-content\/uploads\/2016\/09\/WBI_logo-1-778x423.jpg\" alt=\"wbi_logo-1\" width=\"300\" height=\"152\" \/>Dans le cadre de son partenariat avec l&rsquo;association belge Talia Asbl, Ayiti Mizik lance un nouvel appel \u00e0 candidature pour les ateliers qui auront lieu au mois de d\u00e9cembre prochain, sur 5 jours, \u00e0 l\u2019attention de <strong><u>10 b\u00e9n\u00e9ficiaires.<\/u><\/strong><\/p>\n<p>Comme l\u2019ann\u00e9e derni\u00e8re, un programme de bourse sera ensuite propos\u00e9\u00a0<strong><u>d&rsquo;une dur\u00e9e de 3 semaines pour l\u2019\u00e9t\u00e9 2017\u00a0\u00e0\u00a0l&rsquo;attention de 4 artistes<\/u><\/strong> choisis parmi les participants aux ateliers.<\/p>\n<p>&nbsp;<\/p>\n<p>Les ateliers se d\u00e9rouleront du\u00a0<strong><u>6 au 13 D\u00e9cembre 2016 de 10h am\u00a0\u00e0\u00a04h pm,\u00a0\u00e0\u00a0Kay Mizik La (Le Villate).<\/u><\/strong><\/p>\n<p>Ils comprendront\u00a0:<\/p>\n<ul style=\"text-align: justify;\">\n<li>Coaching musical<\/li>\n<li>Coaching vocal<\/li>\n<li>Coaching sc\u00e9nique<\/li>\n<li>Ecriture de chanson<\/li>\n<li>Composition pour les instrumentistes<\/li>\n<li>Atelier vocal \u00ab\u00a0choeurs\u00a0\u00bb pour les instrumentistes et chanteurs<\/li>\n<li>Technique de sonorisation<\/li>\n<\/ul>\n<p>Dans cet objectif, Ayiti Mizik sollicite ses partenaires r\u00e9guliers pour participer\u00a0\u00e0\u00a0la pr\u00e9-s\u00e9lection des b\u00e9n\u00e9ficiaires. Les professionnels propos\u00e9s feront ensuite l\u2019objet d\u2019une s\u00e9lection r\u00e9alis\u00e9e conjointement par Ayiti Mizik et Talia ABSL.<\/p>\n<p>Les crit\u00e8res de la pr\u00e9-s\u00e9lection sont les suivants:<\/p>\n<ul style=\"text-align: justify;\">\n<li>Etre membre d&rsquo;Ayiti Mizik\u00a0\u00e0\u00a0jour de cotisation (pour devenir membres d&rsquo;Ayiti Mizik, la cotisation annuelle est de 1000 gourdes pour une ann\u00e9e. Plus d&rsquo;informations :\u00a0<a href=\"mailto:info@ayitimizik.ht\">info@ayitimizik.ht<\/a>\u00a0\/: tel: +(509) 28 13 11 43<\/li>\n<li>Etre un professionnel actif en Ha\u00efti<\/li>\n<li>Avoir au moins 5 compositions originales<\/li>\n<li>Remplir une des fonctions suivantes:<\/li>\n<\/ul>\n<ul style=\"text-align: justify;\">\n<li style=\"list-style-type: none;\">\n<ul>\n<li>tambourineur ou batteur<\/li>\n<li>bassiste<\/li>\n<li>pianiste ou keyboardiste<\/li>\n<li>chanteur<\/li>\n<li>technicien de sonorisation<\/li>\n<\/ul>\n<\/li>\n<\/ul>\n<ul style=\"text-align: justify;\">\n<li>Etre recommand\u00e9 par une institution partenaire r\u00e9gulier d\u2019Ayiti Mizik:<\/li>\n<\/ul>\n<ul style=\"text-align: justify;\">\n<li style=\"list-style-type: none;\">\n<ul>\n<li>Ambassade de Suisse en Ha\u00efti<\/li>\n<li>Caracoli<\/li>\n<li>ENARTS<\/li>\n<li>FOKAL<\/li>\n<li>Fondation Ha\u00efti Jazz<\/li>\n<li>Ha\u00efti en Sc\u00e8ne<\/li>\n<li>Handzup Group<\/li>\n<li>IFH<\/li>\n<li>MINUSTAH<\/li>\n<li>OIF<\/li>\n<li>Tamise<\/li>\n<li>UNESCO<\/li>\n<li>WBI<\/li>\n<\/ul>\n<\/li>\n<\/ul>\n<p>Le dossier d\u2019inscription doit \u00eatre d\u00e9pos\u00e9\u00a0\u00e0\u00a0Kay Mizik La ou envoy\u00e9\u00a0\u00e0\u00a0l\u2019adresse email (<a href=\"mailto:info@ayitimizik.ht\">info@ayitimizik.ht<\/a>) au plus tard le vendredi 28 octobre avant 4hPM (heure de fermeture des bureaux). Il doit comprendre les pi\u00e8ces suivantes\u00a0:<\/p>\n<ul style=\"text-align: justify;\">\n<li>copie de re\u00e7u d\u2019adh\u00e9sion\u00a0\u00e0\u00a0Ayiti Mizik (ou message email de confirmation de validit\u00e9)<\/li>\n<li>au moins une lettre de recommandation d\u2019une des institutions cit\u00e9es plus haut<\/li>\n<li>courte biographie ou un CV listant des activit\u00e9s r\u00e9centes sur sc\u00e8ne, en studio, etc.<\/li>\n<li>lettre de motivation (pourquoi voulez-vous suivre cet atelier\u00a0?)<\/li>\n<li>3 chansons originales sur support audio mp3 ou autre support virtuel et une vid\u00e9o (lien youtube, de pr\u00e9f\u00e9rence.). A noter qu\u2019il est demand\u00e9 qu\u2019il n\u2019y ait pas d\u2019effets sur les voix (correcteur de pitch ou autre)<\/li>\n<\/ul>\n<p><strong>A noter que le programme s\u2019adresse uniquement\u00a0\u00e0\u00a0des jeunes professionnels de la musique en exercice. Les\u00a0candidatures sont nominatives. Elles concernent exclusivement les fonctions list\u00e9es plus haut (tambourineur \/ batteur; bassiste; pianiste ou keyboardiste; chanteur; technicien de sonorisation). Les participants aux ateliers 2015 peuvent soumettre leur candidature en pr\u00e9sentant un nouveau dossier. Toutefois, les b\u00e9n\u00e9ficiaires de la bourse 2015 ne pourront avoir de bourse en 2016.<\/strong><\/p>\n<p><strong>Les\u00a0candidats\u00a0venant de province doivent assumer leur transport et h\u00e9bergement\u00a0\u00e0\u00a0Port-au-Prince pendant la dur\u00e9e de la formation.<\/strong><\/p>\n<p><strong>La date limite de d\u00e9p\u00f4t des dossiers est le vendredi 28 octobre avant 4hPM.<\/strong> <strong>Les\u00a0candidats\u00a0retenus seront contact\u00e9s directement avant le 1<sup>er<\/sup> d\u00e9cembre 2016.<\/strong><\/p>\n<p>Ce projet est financ\u00e9 par Wallonie-Bruxelles International dans le cadre du programme de coop\u00e9ration bilat\u00e9rale entre la R\u00e9publique d\u2019Ha\u00efti et les Gouvernements de la Wallonie et de la F\u00e9d\u00e9ration Wallonie-Bruxelles.<\/p>\n<p>&nbsp;<\/p>\n","protected":false},"excerpt":{"rendered":"<p>Dans le cadre de son partenariat avec l&rsquo;association belge Talia Asbl, Ayiti Mizik lance un nouvel appel \u00e0 candidature pour les ateliers qui auront lieu au mois de d\u00e9cembre prochain, sur 5 jours, \u00e0 l\u2019attention de 10 b\u00e9n\u00e9ficiaires. Comme l\u2019ann\u00e9e &hellip; <a href=\"http:\/\/ayitimizik.net\/index.php\/2016\/09\/27\/460\/\">Continuer la lecture <span class=\"meta-nav\">&rarr;<\/span><\/a><\/p>\n","protected":false},"author":2,"featured_media":0,"comment_status":"closed","ping_status":"closed","sticky":false,"template":"","format":"standard","meta":[],"categories":[14,18],"tags":[],"_links":{"self":[{"href":"http:\/\/ayitimizik.net\/index.php\/wp-json\/wp\/v2\/posts\/460"}],"collection":[{"href":"http:\/\/ayitimizik.net\/index.php\/wp-json\/wp\/v2\/posts"}],"about":[{"href":"http:\/\/ayitimizik.net\/index.php\/wp-json\/wp\/v2\/types\/post"}],"author":[{"embeddable":true,"href":"http:\/\/ayitimizik.net\/index.php\/wp-json\/wp\/v2\/users\/2"}],"replies":[{"embeddable":true,"href":"http:\/\/ayitimizik.net\/index.php\/wp-json\/wp\/v2\/comments?post=460"}],"version-history":[{"count":14,"href":"http:\/\/ayitimizik.net\/index.php\/wp-json\/wp\/v2\/posts\/460\/revisions"}],"predecessor-version":[{"id":706,"href":"http:\/\/ayitimizik.net\/index.php\/wp-json\/wp\/v2\/posts\/460\/revisions\/706"}],"wp:attachment":[{"href":"http:\/\/ayitimizik.net\/index.php\/wp-json\/wp\/v2\/media?parent=460"}],"wp:term":[{"taxonomy":"category","embeddable":true,"href":"http:\/\/ayitimizik.net\/index.php\/wp-json\/wp\/v2\/categories?post=460"},{"taxonomy":"post_tag","embeddable":true,"href":"http:\/\/ayitimizik.net\/index.php\/wp-json\/wp\/v2\/tags?post=460"}],"curies":[{"name":"wp","href":"https:\/\/api.w.org\/{rel}","templated":true}]}}