{"id":431,"date":"2016-08-31T20:53:45","date_gmt":"2016-08-31T18:53:45","guid":{"rendered":"http:\/\/ayitimizik.net\/?p=431"},"modified":"2018-08-29T04:39:01","modified_gmt":"2018-08-29T02:39:01","slug":"cartographie-de-lindustrie-haitienne-de-la-musique-2","status":"publish","type":"post","link":"http:\/\/ayitimizik.net\/index.php\/2016\/08\/31\/cartographie-de-lindustrie-haitienne-de-la-musique-2\/","title":{"rendered":"ANNONCE : Enqu\u00eate pour la cartographie de l&rsquo;Industrie ha\u00eftienne de la musique"},"content":{"rendered":"<div><\/div>\n<div style=\"text-align: justify;\">\n<p>L\u2019enqu\u00eate inclue d<img loading=\"lazy\" class=\"wp-image-446 alignleft\" src=\"http:\/\/ayitimizik.net\/wp-content\/uploads\/2016\/09\/AM-UNESCO-423x423.jpg\" alt=\"AM-UNESCO\" width=\"277\" height=\"252\" \/>ans le projet de \u00ab CARTOGRAPHIE DE L\u2019INDUSTRIE HA\u00cfTIENNE DE LA MUSIQUE \u00bb mis en oeuvre par Ayiti Mizik avec le soutien de l\u2019UNESCO propose de recenser les acteurs de l\u2019industrie ha\u00eftienne de la musique, en Ha\u00efti et dans la diaspora, et de faire valoir leur contribution \u00e0 l\u2019\u00e9conomie du pays.<\/p>\n<h3 style=\"text-align: justify;\"><span style=\"color: #00ccff;\"><strong>Musicien(ne)s, chanteur(se)s, auteurs, compositeurs, ing\u00e9nieurs du son, animateurs radio-t\u00e9l\u00e9, DJ, managers, promoteurs, agents, manutentionnaires, etc\u2026Cette enqu\u00eate vous concerne!<\/strong><\/span><\/h3>\n<h3><\/h3>\n<p>Vos r\u00e9ponses \u00e0 ces questions sont essentielles pour d\u00e9montrer la force et la\u00a0vigueur de l\u2019industrie ha\u00eftienne de la musique.<\/p>\n<\/div>\n<p>&nbsp;<\/p>\n<div style=\"text-align: justify;\">\n<p>Cliquez sur le lien ci-dessous et r\u00e9pondez au questionnaire\u00a0jusqu\u2019au bout.<\/p>\n<\/div>\n<div><a href=\"http:\/\/fr.surveymonkey.com\/r\/J8P3FXB\" target=\"_blank\" rel=\"noopener\">Cliquez ici<\/a><\/div>\n","protected":false},"excerpt":{"rendered":"<p>L\u2019enqu\u00eate inclue dans le projet de \u00ab CARTOGRAPHIE DE L\u2019INDUSTRIE HA\u00cfTIENNE DE LA MUSIQUE \u00bb mis en oeuvre par Ayiti Mizik avec le soutien de l\u2019UNESCO propose de recenser les acteurs de l\u2019industrie ha\u00eftienne de la musique, en Ha\u00efti et &hellip; <a href=\"http:\/\/ayitimizik.net\/index.php\/2016\/08\/31\/cartographie-de-lindustrie-haitienne-de-la-musique-2\/\">Continuer la lecture <span class=\"meta-nav\">&rarr;<\/span><\/a><\/p>\n","protected":false},"author":2,"featured_media":0,"comment_status":"closed","ping_status":"closed","sticky":false,"template":"","format":"standard","meta":[],"categories":[14],"tags":[],"_links":{"self":[{"href":"http:\/\/ayitimizik.net\/index.php\/wp-json\/wp\/v2\/posts\/431"}],"collection":[{"href":"http:\/\/ayitimizik.net\/index.php\/wp-json\/wp\/v2\/posts"}],"about":[{"href":"http:\/\/ayitimizik.net\/index.php\/wp-json\/wp\/v2\/types\/post"}],"author":[{"embeddable":true,"href":"http:\/\/ayitimizik.net\/index.php\/wp-json\/wp\/v2\/users\/2"}],"replies":[{"embeddable":true,"href":"http:\/\/ayitimizik.net\/index.php\/wp-json\/wp\/v2\/comments?post=431"}],"version-history":[{"count":19,"href":"http:\/\/ayitimizik.net\/index.php\/wp-json\/wp\/v2\/posts\/431\/revisions"}],"predecessor-version":[{"id":688,"href":"http:\/\/ayitimizik.net\/index.php\/wp-json\/wp\/v2\/posts\/431\/revisions\/688"}],"wp:attachment":[{"href":"http:\/\/ayitimizik.net\/index.php\/wp-json\/wp\/v2\/media?parent=431"}],"wp:term":[{"taxonomy":"category","embeddable":true,"href":"http:\/\/ayitimizik.net\/index.php\/wp-json\/wp\/v2\/categories?post=431"},{"taxonomy":"post_tag","embeddable":true,"href":"http:\/\/ayitimizik.net\/index.php\/wp-json\/wp\/v2\/tags?post=431"}],"curies":[{"name":"wp","href":"https:\/\/api.w.org\/{rel}","templated":true}]}}