{"id":405,"date":"2016-07-26T20:41:33","date_gmt":"2016-07-26T18:41:33","guid":{"rendered":"http:\/\/ayitimizik.net\/?p=405"},"modified":"2018-08-29T04:39:09","modified_gmt":"2018-08-29T02:39:09","slug":"conference-de-presse-suivie-de-linauguration-du-nouvel-espace-de-kay-mizik-la","status":"publish","type":"post","link":"http:\/\/ayitimizik.net\/index.php\/2016\/07\/26\/conference-de-presse-suivie-de-linauguration-du-nouvel-espace-de-kay-mizik-la\/","title":{"rendered":"INFO : Inauguration du nouvel espace de Kay Mizik La"},"content":{"rendered":"<p><img loading=\"lazy\" class=\"size-full wp-image-415 alignleft\" src=\"http:\/\/ayitimizik.net\/wp-content\/uploads\/2016\/07\/1-8.jpg\" alt=\"1\" width=\"400\" height=\"224\" \/><\/p>\n<p style=\"text-align: justify;\">Aujourd&rsquo;hui l&rsquo;association Ayiti Mizik et ses partenaires ont donn\u00e9 une conf\u00e9rence de presse du lancement du projet CARTOGRAPHIE DE L&rsquo;INDUSTRIE HA\u00cfTIENNE DE LA\u00a0MUSIQUE avec le soutien de l&rsquo;Unesco.<\/p>\n<p style=\"text-align: justify;\">Cette conf\u00e9rence de presse suivie de l&rsquo;inauguration du nouvel espace de KAY MIZIK LA au 12 rue villate, petion-ville.<\/p>\n","protected":false},"excerpt":{"rendered":"<p>Aujourd&rsquo;hui l&rsquo;association Ayiti Mizik et ses partenaires ont donn\u00e9 une conf\u00e9rence de presse du lancement du projet CARTOGRAPHIE DE L&rsquo;INDUSTRIE HA\u00cfTIENNE DE LA\u00a0MUSIQUE avec le soutien de l&rsquo;Unesco. Cette conf\u00e9rence de presse suivie de l&rsquo;inauguration du nouvel espace de KAY &hellip; <a href=\"http:\/\/ayitimizik.net\/index.php\/2016\/07\/26\/conference-de-presse-suivie-de-linauguration-du-nouvel-espace-de-kay-mizik-la\/\">Continuer la lecture <span class=\"meta-nav\">&rarr;<\/span><\/a><\/p>\n","protected":false},"author":2,"featured_media":0,"comment_status":"closed","ping_status":"closed","sticky":false,"template":"","format":"standard","meta":[],"categories":[14],"tags":[],"_links":{"self":[{"href":"http:\/\/ayitimizik.net\/index.php\/wp-json\/wp\/v2\/posts\/405"}],"collection":[{"href":"http:\/\/ayitimizik.net\/index.php\/wp-json\/wp\/v2\/posts"}],"about":[{"href":"http:\/\/ayitimizik.net\/index.php\/wp-json\/wp\/v2\/types\/post"}],"author":[{"embeddable":true,"href":"http:\/\/ayitimizik.net\/index.php\/wp-json\/wp\/v2\/users\/2"}],"replies":[{"embeddable":true,"href":"http:\/\/ayitimizik.net\/index.php\/wp-json\/wp\/v2\/comments?post=405"}],"version-history":[{"count":11,"href":"http:\/\/ayitimizik.net\/index.php\/wp-json\/wp\/v2\/posts\/405\/revisions"}],"predecessor-version":[{"id":707,"href":"http:\/\/ayitimizik.net\/index.php\/wp-json\/wp\/v2\/posts\/405\/revisions\/707"}],"wp:attachment":[{"href":"http:\/\/ayitimizik.net\/index.php\/wp-json\/wp\/v2\/media?parent=405"}],"wp:term":[{"taxonomy":"category","embeddable":true,"href":"http:\/\/ayitimizik.net\/index.php\/wp-json\/wp\/v2\/categories?post=405"},{"taxonomy":"post_tag","embeddable":true,"href":"http:\/\/ayitimizik.net\/index.php\/wp-json\/wp\/v2\/tags?post=405"}],"curies":[{"name":"wp","href":"https:\/\/api.w.org\/{rel}","templated":true}]}}