{"id":398,"date":"2016-07-22T20:43:07","date_gmt":"2016-07-22T18:43:07","guid":{"rendered":"http:\/\/ayitimizik.net\/?p=398"},"modified":"2018-08-29T04:39:17","modified_gmt":"2018-08-29T02:39:17","slug":"lancement-de-la-cartographie-haitienne-de-la-musique","status":"publish","type":"post","link":"http:\/\/ayitimizik.net\/index.php\/2016\/07\/22\/lancement-de-la-cartographie-haitienne-de-la-musique\/","title":{"rendered":"INVITATION PRESSE : Lancement de la cartographie de l&rsquo;industrie ha\u00eftienne de la musique"},"content":{"rendered":"<h2 style=\"text-align: center;\"><span style=\"color: #ff6600;\">\u00a0INVITATION DE PRESSE MARDI 26 JUILLET \u00a0&#8211; \u00a0KAY MIZIK LA \u00a0&#8211; 12, RUE VILLATE &#8211; \u00a010HEURES AM<\/span><\/h2>\n<p>&nbsp;<\/p>\n<p style=\"text-align: justify;\"><img loading=\"lazy\" class=\" wp-image-402 alignleft\" src=\"http:\/\/ayitimizik.net\/wp-content\/uploads\/2016\/07\/image001-300x169.png\" alt=\"image001\" width=\"305\" height=\"191\" \/>A L&rsquo;occasion du lancement de la premi\u00e8re <strong><span style=\"color: #0a8fd1;\">\u00ab\u00a0CARTOGRAPHIE DE L&rsquo;INDUSTRIE HA\u00cfTIENNE DE LA MUSIQUE<\/span><\/strong>\u00ab\u00a0, projet soutenu par le fonds international pour la diversit\u00e9 culturelle de l&rsquo;UNESCO<\/p>\n<p style=\"text-align: justify;\">Ayiti Mizik et ses partenaires vous invitent \u00e0 une CONF\u00c9RENCE DE PRESSE le mardi 26 juillet \u00e0 Kay Mizik La \u00e0 partir de 10ham<\/p>\n<p style=\"text-align: justify;\">La conf\u00e9rence sera suivie d&rsquo;un cocktail d&rsquo;inauguration du nouvel espace KAY MIZIK LA &#8211; Le villate. 12, rue villate<\/p>\n<p>&nbsp;<\/p>\n<p style=\"text-align: right;\"><span style=\"color: #ff6600;\">Merci de votre pr\u00e9sence!<\/span><\/p>\n<p>&nbsp;<\/p>\n","protected":false},"excerpt":{"rendered":"<p>\u00a0INVITATION DE PRESSE MARDI 26 JUILLET \u00a0&#8211; \u00a0KAY MIZIK LA \u00a0&#8211; 12, RUE VILLATE &#8211; \u00a010HEURES AM &nbsp; A L&rsquo;occasion du lancement de la premi\u00e8re \u00ab\u00a0CARTOGRAPHIE DE L&rsquo;INDUSTRIE HA\u00cfTIENNE DE LA MUSIQUE\u00ab\u00a0, projet soutenu par le fonds international pour la &hellip; <a href=\"http:\/\/ayitimizik.net\/index.php\/2016\/07\/22\/lancement-de-la-cartographie-haitienne-de-la-musique\/\">Continuer la lecture <span class=\"meta-nav\">&rarr;<\/span><\/a><\/p>\n","protected":false},"author":2,"featured_media":0,"comment_status":"closed","ping_status":"closed","sticky":false,"template":"","format":"standard","meta":[],"categories":[14],"tags":[],"_links":{"self":[{"href":"http:\/\/ayitimizik.net\/index.php\/wp-json\/wp\/v2\/posts\/398"}],"collection":[{"href":"http:\/\/ayitimizik.net\/index.php\/wp-json\/wp\/v2\/posts"}],"about":[{"href":"http:\/\/ayitimizik.net\/index.php\/wp-json\/wp\/v2\/types\/post"}],"author":[{"embeddable":true,"href":"http:\/\/ayitimizik.net\/index.php\/wp-json\/wp\/v2\/users\/2"}],"replies":[{"embeddable":true,"href":"http:\/\/ayitimizik.net\/index.php\/wp-json\/wp\/v2\/comments?post=398"}],"version-history":[{"count":4,"href":"http:\/\/ayitimizik.net\/index.php\/wp-json\/wp\/v2\/posts\/398\/revisions"}],"predecessor-version":[{"id":709,"href":"http:\/\/ayitimizik.net\/index.php\/wp-json\/wp\/v2\/posts\/398\/revisions\/709"}],"wp:attachment":[{"href":"http:\/\/ayitimizik.net\/index.php\/wp-json\/wp\/v2\/media?parent=398"}],"wp:term":[{"taxonomy":"category","embeddable":true,"href":"http:\/\/ayitimizik.net\/index.php\/wp-json\/wp\/v2\/categories?post=398"},{"taxonomy":"post_tag","embeddable":true,"href":"http:\/\/ayitimizik.net\/index.php\/wp-json\/wp\/v2\/tags?post=398"}],"curies":[{"name":"wp","href":"https:\/\/api.w.org\/{rel}","templated":true}]}}