{"id":218,"date":"2016-07-13T21:55:21","date_gmt":"2016-07-13T19:55:21","guid":{"rendered":"http:\/\/ayitimizik.net\/?p=218"},"modified":"2018-08-29T04:39:37","modified_gmt":"2018-08-29T02:39:37","slug":"cartographie-de-lindustrie-haitienne-de-la-musique","status":"publish","type":"post","link":"http:\/\/ayitimizik.net\/index.php\/2016\/07\/13\/cartographie-de-lindustrie-haitienne-de-la-musique\/","title":{"rendered":"ANNONCE : Lancement de la cartographie de l&rsquo;industrie ha\u00eftienne de la musique !"},"content":{"rendered":"<p>L\u2019ASSOCIATION AYITI MIZIK LANCE LA 1ere \u00ab\u00a0<span style=\"color: #ff6600;\">CARTOGRAPHIE DE L&rsquo;INDUSTRIE HA\u00cfTIENNE DE LA MUSIQUE \u00bb AVEC LE SOUTIEN DE L&rsquo;UNESCO<\/span>. Ce projet propose au secteur musical ha\u00eftien de se doter d\u2019une \u00e9tude d\u2019impact n\u00e9cessaire \u00e0 son d\u00e9veloppement.<\/p>\n<p>Musicien(ne)s, chanteur (se) s, auteurs, compositeurs, ing\u00e9nieurs du son, animateurs radio-t\u00e9l\u00e9, DJ, managers, promoteurs, agents, manutentionnaires, etc\u2026 Cette enqu\u00eate vous concerne! Vos r\u00e9ponses \u00e0 nos questions sont essentielles pour faire valoir l\u2019importance du secteur de la musique. Faites-nous part de vos coordonn\u00e9es (t\u00e9l\u00e9phone ou email) et vous serez contact\u00e9 pour participer \u00e0 l\u2019\u00e9tude.<\/p>\n<p>Cette enqu\u00eate de terrain, associ\u00e9e \u00e0 des r\u00e9unions de concertation et des questionnaires en ligne, sera r\u00e9alis\u00e9e durant la p\u00e9riode estivale (ao\u00fbt \/ septembre) aupr\u00e8s des acteurs du secteur de la musique dans l\u2019ensemble du territoire national et dans la diaspora, dans le but de mesurer la dimension \u00e9conomique et sociale de l\u2019industrie musicale ha\u00eftienne<\/p>\n<p><strong>\u00a0<\/strong><\/p>\n","protected":false},"excerpt":{"rendered":"<p>L\u2019ASSOCIATION AYITI MIZIK LANCE LA 1ere \u00ab\u00a0CARTOGRAPHIE DE L&rsquo;INDUSTRIE HA\u00cfTIENNE DE LA MUSIQUE \u00bb AVEC LE SOUTIEN DE L&rsquo;UNESCO. Ce projet propose au secteur musical ha\u00eftien de se doter d\u2019une \u00e9tude d\u2019impact n\u00e9cessaire \u00e0 son d\u00e9veloppement. Musicien(ne)s, chanteur (se) s, &hellip; <a href=\"http:\/\/ayitimizik.net\/index.php\/2016\/07\/13\/cartographie-de-lindustrie-haitienne-de-la-musique\/\">Continuer la lecture <span class=\"meta-nav\">&rarr;<\/span><\/a><\/p>\n","protected":false},"author":2,"featured_media":0,"comment_status":"open","ping_status":"open","sticky":false,"template":"","format":"standard","meta":[],"categories":[14],"tags":[],"_links":{"self":[{"href":"http:\/\/ayitimizik.net\/index.php\/wp-json\/wp\/v2\/posts\/218"}],"collection":[{"href":"http:\/\/ayitimizik.net\/index.php\/wp-json\/wp\/v2\/posts"}],"about":[{"href":"http:\/\/ayitimizik.net\/index.php\/wp-json\/wp\/v2\/types\/post"}],"author":[{"embeddable":true,"href":"http:\/\/ayitimizik.net\/index.php\/wp-json\/wp\/v2\/users\/2"}],"replies":[{"embeddable":true,"href":"http:\/\/ayitimizik.net\/index.php\/wp-json\/wp\/v2\/comments?post=218"}],"version-history":[{"count":8,"href":"http:\/\/ayitimizik.net\/index.php\/wp-json\/wp\/v2\/posts\/218\/revisions"}],"predecessor-version":[{"id":946,"href":"http:\/\/ayitimizik.net\/index.php\/wp-json\/wp\/v2\/posts\/218\/revisions\/946"}],"wp:attachment":[{"href":"http:\/\/ayitimizik.net\/index.php\/wp-json\/wp\/v2\/media?parent=218"}],"wp:term":[{"taxonomy":"category","embeddable":true,"href":"http:\/\/ayitimizik.net\/index.php\/wp-json\/wp\/v2\/categories?post=218"},{"taxonomy":"post_tag","embeddable":true,"href":"http:\/\/ayitimizik.net\/index.php\/wp-json\/wp\/v2\/tags?post=218"}],"curies":[{"name":"wp","href":"https:\/\/api.w.org\/{rel}","templated":true}]}}