{"id":214,"date":"2016-07-13T21:28:53","date_gmt":"2016-07-13T19:28:53","guid":{"rendered":"http:\/\/ayitimizik.net\/?p=214"},"modified":"2018-08-29T04:39:49","modified_gmt":"2018-08-29T02:39:49","slug":"assemblee-generale-de-lassociation-ayiti-mizik-16-juillet-2016","status":"publish","type":"post","link":"http:\/\/ayitimizik.net\/index.php\/2016\/07\/13\/assemblee-generale-de-lassociation-ayiti-mizik-16-juillet-2016\/","title":{"rendered":"INVITATION : Assembl\u00e9e G\u00e9n\u00e9rale de Ayiti Mizik 2016"},"content":{"rendered":"<p>&nbsp;<\/p>\n<h4 style=\"text-align: justify;\"><span style=\"color: #ff6600;\">L&rsquo;Assembl\u00e9e G\u00e9n\u00e9rale d&rsquo;Ayiti Mizik se d\u00e9roulera le 16 juillet, au Villate, (12 rue Villate) \u00e0 10h00 AM<\/span><\/h4>\n<p style=\"text-align: justify;\">A cette occasion nous invitons, tous les professionnels de la musique (chanteurs, musiciens, techniciens, producteurs, diffuseurs etc) \u00e0 devenir membres de l&rsquo;association et poser leurs candidatures pour l&rsquo;\u00e9lection du nouveau bureau ex\u00e9cutif :<\/p>\n<p style=\"text-align: justify;\">Pr\u00e9sident<\/p>\n<p style=\"text-align: justify;\">Vice-pr\u00e9sident<\/p>\n<p style=\"text-align: justify;\">Secr\u00e9taire<\/p>\n<p style=\"text-align: justify;\">Tr\u00e9sorier<\/p>\n<p style=\"text-align: justify;\">Conseillers<\/p>\n<p style=\"text-align: justify;\">Nous comptons sur votre pr\u00e9sence, vos apports, vos conseils !<\/p>\n","protected":false},"excerpt":{"rendered":"<p>&nbsp; L&rsquo;Assembl\u00e9e G\u00e9n\u00e9rale d&rsquo;Ayiti Mizik se d\u00e9roulera le 16 juillet, au Villate, (12 rue Villate) \u00e0 10h00 AM A cette occasion nous invitons, tous les professionnels de la musique (chanteurs, musiciens, techniciens, producteurs, diffuseurs etc) \u00e0 devenir membres de l&rsquo;association &hellip; <a href=\"http:\/\/ayitimizik.net\/index.php\/2016\/07\/13\/assemblee-generale-de-lassociation-ayiti-mizik-16-juillet-2016\/\">Continuer la lecture <span class=\"meta-nav\">&rarr;<\/span><\/a><\/p>\n","protected":false},"author":2,"featured_media":0,"comment_status":"open","ping_status":"open","sticky":false,"template":"","format":"standard","meta":[],"categories":[14],"tags":[],"_links":{"self":[{"href":"http:\/\/ayitimizik.net\/index.php\/wp-json\/wp\/v2\/posts\/214"}],"collection":[{"href":"http:\/\/ayitimizik.net\/index.php\/wp-json\/wp\/v2\/posts"}],"about":[{"href":"http:\/\/ayitimizik.net\/index.php\/wp-json\/wp\/v2\/types\/post"}],"author":[{"embeddable":true,"href":"http:\/\/ayitimizik.net\/index.php\/wp-json\/wp\/v2\/users\/2"}],"replies":[{"embeddable":true,"href":"http:\/\/ayitimizik.net\/index.php\/wp-json\/wp\/v2\/comments?post=214"}],"version-history":[{"count":7,"href":"http:\/\/ayitimizik.net\/index.php\/wp-json\/wp\/v2\/posts\/214\/revisions"}],"predecessor-version":[{"id":714,"href":"http:\/\/ayitimizik.net\/index.php\/wp-json\/wp\/v2\/posts\/214\/revisions\/714"}],"wp:attachment":[{"href":"http:\/\/ayitimizik.net\/index.php\/wp-json\/wp\/v2\/media?parent=214"}],"wp:term":[{"taxonomy":"category","embeddable":true,"href":"http:\/\/ayitimizik.net\/index.php\/wp-json\/wp\/v2\/categories?post=214"},{"taxonomy":"post_tag","embeddable":true,"href":"http:\/\/ayitimizik.net\/index.php\/wp-json\/wp\/v2\/tags?post=214"}],"curies":[{"name":"wp","href":"https:\/\/api.w.org\/{rel}","templated":true}]}}