{"id":202,"date":"2016-06-24T07:00:15","date_gmt":"2016-06-24T05:00:15","guid":{"rendered":"http:\/\/ayitimizik.net\/?p=202"},"modified":"2018-08-29T04:39:57","modified_gmt":"2018-08-29T02:39:57","slug":"plateau-jeunes-talents","status":"publish","type":"post","link":"http:\/\/ayitimizik.net\/index.php\/2016\/06\/24\/plateau-jeunes-talents\/","title":{"rendered":"COMMUNIQUE DE PRESSE : D\u00e9part pour la Belgique des laur\u00e9ats du Plateau Jeunes Talents 2015"},"content":{"rendered":"<p style=\"text-align: justify;\">Les quatre laur\u00e9ats du projet Plateau Jeunes Talents 2015 men\u00e9 conjointement par Ayiti Mizik et l\u2019association belge Talia asbl, partiront pour la Belgique le 30 juin prochain.<\/p>\n<p style=\"text-align: justify;\">Le projet Plateau Jeunes Talents a pour objectif de contribuer \u00e0 un \u00e9change de comp\u00e9tences en mati\u00e8re de professionnalisation, de formation et de cr\u00e9ation afin d\u2019encourager l\u2019\u00e9mergence d\u2019une nouvelle sc\u00e8ne musicale ha\u00eftienne.<\/p>\n<p style=\"text-align: justify;\">Avec le soutien financier de WBI, une s\u00e9rie d\u2019ateliers a eu lieu \u00e0 Kay Mizik La au mois de novembre pass\u00e9 pour une dizaine de b\u00e9n\u00e9ficiaires pr\u00e9s\u00e9lectionn\u00e9s par les deux associations. A la fin des ateliers qui portaient sur l\u2019\u00e9criture de textes, le coaching vocal, sc\u00e9nique et musical, et les techniques de sonorisation live, quatre candidats ont \u00e9t\u00e9 retenus pour b\u00e9n\u00e9ficier de bourses de formation compl\u00e9mentaire en Belgique. Il s\u2019agit du bassiste David Cass\u00e9us, du sonorisateur Bazin Fritz Michel Andr\u00e9 Hercules, et des chanteurs Mathon Jean Gethro et James Vergneau (plus connu sous le nom de Rebel Layonn). Pendant trois semaines, chacun d\u2019entre eux prendra part \u00e0 des stages de perfectionnement, tels que des stages sur la sonorisation et les home studios, l\u2019\u00e9criture et la composition de chanson, la cr\u00e9ation d\u2019un spectacle musical chant\u00e9, la basse \u00e9lectrique, le jazz et l\u2019harmonie.<\/p>\n<p style=\"text-align: justify;\">Le projet Plateau Jeunes Talents, programm\u00e9 sur trois ans, pr\u00e9voit de nouveaux ateliers du 26 novembre au 3 d\u00e9cembre prochain.<\/p>\n<p style=\"text-align: justify;\">Port\u00e9 conjointement par l\u2019association ha\u00eftienne des professionnels de la musique, Ayiti Mizik, et l\u2019association belge Talia asbl, il est soutenu financi\u00e8rement par Wallonie Bruxelles International (WBI), dans le cadre du programme de coop\u00e9ration bilat\u00e9rale entre la R\u00e9publique d\u2019Ha\u00efti et les Gouvernements de la Wallonie et de la F\u00e9d\u00e9ration Wallonie-Bruxelles.<\/p>\n<p style=\"text-align: justify;\">Photo (de gauche \u00e0 droite) : Pierre Vaiana (Talia asbl), James Vergneau, Bazin Andr\u00e9, Michelle Sainnizaire (WBI), David Cass\u00e9us, Mathon Jean Gethro, Dorval Jean Gesner (Ayiti Mizik)<\/p>\n<p>&nbsp;<\/p>\n","protected":false},"excerpt":{"rendered":"<p>Les quatre laur\u00e9ats du projet Plateau Jeunes Talents 2015 men\u00e9 conjointement par Ayiti Mizik et l\u2019association belge Talia asbl, partiront pour la Belgique le 30 juin prochain. Le projet Plateau Jeunes Talents a pour objectif de contribuer \u00e0 un \u00e9change &hellip; <a href=\"http:\/\/ayitimizik.net\/index.php\/2016\/06\/24\/plateau-jeunes-talents\/\">Continuer la lecture <span class=\"meta-nav\">&rarr;<\/span><\/a><\/p>\n","protected":false},"author":2,"featured_media":203,"comment_status":"open","ping_status":"open","sticky":false,"template":"","format":"standard","meta":[],"categories":[14],"tags":[],"_links":{"self":[{"href":"http:\/\/ayitimizik.net\/index.php\/wp-json\/wp\/v2\/posts\/202"}],"collection":[{"href":"http:\/\/ayitimizik.net\/index.php\/wp-json\/wp\/v2\/posts"}],"about":[{"href":"http:\/\/ayitimizik.net\/index.php\/wp-json\/wp\/v2\/types\/post"}],"author":[{"embeddable":true,"href":"http:\/\/ayitimizik.net\/index.php\/wp-json\/wp\/v2\/users\/2"}],"replies":[{"embeddable":true,"href":"http:\/\/ayitimizik.net\/index.php\/wp-json\/wp\/v2\/comments?post=202"}],"version-history":[{"count":12,"href":"http:\/\/ayitimizik.net\/index.php\/wp-json\/wp\/v2\/posts\/202\/revisions"}],"predecessor-version":[{"id":711,"href":"http:\/\/ayitimizik.net\/index.php\/wp-json\/wp\/v2\/posts\/202\/revisions\/711"}],"wp:featuredmedia":[{"embeddable":true,"href":"http:\/\/ayitimizik.net\/index.php\/wp-json\/wp\/v2\/media\/203"}],"wp:attachment":[{"href":"http:\/\/ayitimizik.net\/index.php\/wp-json\/wp\/v2\/media?parent=202"}],"wp:term":[{"taxonomy":"category","embeddable":true,"href":"http:\/\/ayitimizik.net\/index.php\/wp-json\/wp\/v2\/categories?post=202"},{"taxonomy":"post_tag","embeddable":true,"href":"http:\/\/ayitimizik.net\/index.php\/wp-json\/wp\/v2\/tags?post=202"}],"curies":[{"name":"wp","href":"https:\/\/api.w.org\/{rel}","templated":true}]}}