{"id":1972,"date":"2026-03-24T20:57:01","date_gmt":"2026-03-24T19:57:01","guid":{"rendered":"http:\/\/ayitimizik.net\/?p=1972"},"modified":"2026-03-24T21:30:32","modified_gmt":"2026-03-24T20:30:32","slug":"zikonnect-3-0","status":"publish","type":"post","link":"http:\/\/ayitimizik.net\/index.php\/2026\/03\/24\/zikonnect-3-0\/","title":{"rendered":"ZIKONNECT 3.0"},"content":{"rendered":"\n<p class=\"has-text-align-center\">Zikonnect 3.0 \u2013 Femmes &amp; Musique \u00e0 l\u2019\u00e8re du num\u00e9rique (FAME) est une initiative port\u00e9e par la Fondation Ha\u00efti Jazz avec le soutien de l\u2019Organisation Internationale de la Francophonie (OIF). D\u00e9di\u00e9 \u00e0 la professionnalisation de 15 femmes de la fili\u00e8re musicale ha\u00eftienne, le programme a propos\u00e9 8 modules de formation autour des droits d\u2019auteur, de la production \u00e0 l\u2019\u00e8re de l\u2019IA, et de la diffusion sur les plateformes de streaming. \u00c0 travers des outils concrets comme l\u2019EPK et les check-lists m\u00e9tadonn\u00e9es, Zikonnect 3.0 renforce la visibilit\u00e9 et l\u2019autonomie des artistes dans un \u00e9cosyst\u00e8me musical en pleine transformation.<\/p>\n\n\n\n<p class=\"has-text-align-center\"><a rel=\"noreferrer noopener\" href=\"https:\/\/www.youtube.com\/watch?v=HJH5s0MFHuA&amp;list=PLaNw7tPHrdDdJtHxDmaZTtEMMqP80rNIL&amp;index=7\" data-type=\"URL\" target=\"_blank\">v=HJH5s0MFHuA&amp;list=PLaNw7tPHrdDdJtHxDmaZTtEMMqP80rNIL&amp;index=7<\/a><\/p>\n\n\n\n<p><\/p>\n\n\n\n<figure class=\"wp-block-image size-large\"><img loading=\"lazy\" width=\"819\" height=\"1024\" src=\"http:\/\/ayitimizik.net\/wp-content\/uploads\/2026\/03\/WhatsApp-Image-2026-03-24-at-8.52.58-AM-819x1024.jpeg\" alt=\"\" class=\"wp-image-1971\" srcset=\"http:\/\/ayitimizik.net\/wp-content\/uploads\/2026\/03\/WhatsApp-Image-2026-03-24-at-8.52.58-AM-819x1024.jpeg 819w, http:\/\/ayitimizik.net\/wp-content\/uploads\/2026\/03\/WhatsApp-Image-2026-03-24-at-8.52.58-AM-338x423.jpeg 338w, http:\/\/ayitimizik.net\/wp-content\/uploads\/2026\/03\/WhatsApp-Image-2026-03-24-at-8.52.58-AM-768x960.jpeg 768w, http:\/\/ayitimizik.net\/wp-content\/uploads\/2026\/03\/WhatsApp-Image-2026-03-24-at-8.52.58-AM-240x300.jpeg 240w, http:\/\/ayitimizik.net\/wp-content\/uploads\/2026\/03\/WhatsApp-Image-2026-03-24-at-8.52.58-AM.jpeg 1080w\" sizes=\"(max-width: 819px) 100vw, 819px\" \/><\/figure>\n","protected":false},"excerpt":{"rendered":"<p>Zikonnect 3.0 \u2013 Femmes &amp; Musique \u00e0 l\u2019\u00e8re du num\u00e9rique (FAME) est une initiative port\u00e9e par la Fondation Ha\u00efti Jazz avec le soutien de l\u2019Organisation Internationale de la Francophonie (OIF). D\u00e9di\u00e9 \u00e0 la professionnalisation de 15 femmes de la fili\u00e8re &hellip; <a href=\"http:\/\/ayitimizik.net\/index.php\/2026\/03\/24\/zikonnect-3-0\/\">Continuer la lecture <span class=\"meta-nav\">&rarr;<\/span><\/a><\/p>\n","protected":false},"author":2,"featured_media":0,"comment_status":"closed","ping_status":"closed","sticky":false,"template":"","format":"standard","meta":[],"categories":[6],"tags":[],"_links":{"self":[{"href":"http:\/\/ayitimizik.net\/index.php\/wp-json\/wp\/v2\/posts\/1972"}],"collection":[{"href":"http:\/\/ayitimizik.net\/index.php\/wp-json\/wp\/v2\/posts"}],"about":[{"href":"http:\/\/ayitimizik.net\/index.php\/wp-json\/wp\/v2\/types\/post"}],"author":[{"embeddable":true,"href":"http:\/\/ayitimizik.net\/index.php\/wp-json\/wp\/v2\/users\/2"}],"replies":[{"embeddable":true,"href":"http:\/\/ayitimizik.net\/index.php\/wp-json\/wp\/v2\/comments?post=1972"}],"version-history":[{"count":3,"href":"http:\/\/ayitimizik.net\/index.php\/wp-json\/wp\/v2\/posts\/1972\/revisions"}],"predecessor-version":[{"id":1976,"href":"http:\/\/ayitimizik.net\/index.php\/wp-json\/wp\/v2\/posts\/1972\/revisions\/1976"}],"wp:attachment":[{"href":"http:\/\/ayitimizik.net\/index.php\/wp-json\/wp\/v2\/media?parent=1972"}],"wp:term":[{"taxonomy":"category","embeddable":true,"href":"http:\/\/ayitimizik.net\/index.php\/wp-json\/wp\/v2\/categories?post=1972"},{"taxonomy":"post_tag","embeddable":true,"href":"http:\/\/ayitimizik.net\/index.php\/wp-json\/wp\/v2\/tags?post=1972"}],"curies":[{"name":"wp","href":"https:\/\/api.w.org\/{rel}","templated":true}]}}