{"id":1962,"date":"2024-04-01T02:41:17","date_gmt":"2024-04-01T00:41:17","guid":{"rendered":"http:\/\/ayitimizik.net\/?p=1962"},"modified":"2024-04-01T02:41:18","modified_gmt":"2024-04-01T00:41:18","slug":"communique","status":"publish","type":"post","link":"http:\/\/ayitimizik.net\/index.php\/2024\/04\/01\/communique\/","title":{"rendered":"Communiqu\u00e9 !!!"},"content":{"rendered":"\n<p><strong>Paris, le 26 mars 2024<\/strong><\/p>\n\n\n\n<p class=\"has-text-align-left\"><br>L&rsquo;Ambassadeur, D\u00e9l\u00e9gu\u00e9e permanente de la R\u00e9publique d\u2019Ha\u00efti aupr\u00e8s de l&rsquo;UNESCO,<br>Son Excellence Madame Dominique DUPUY, a soumis officiellement la candidature du<br>Konpa\/Compas d&rsquo;Ha\u00efti pour \u00eatre inscrit sur la Liste repr\u00e9sentative du patrimoine culturel<br>immat\u00e9riel de l&rsquo;Humanit\u00e9.<\/p>\n\n\n\n<p class=\"has-text-align-left\"><br>Le Konpa\/Compas est une forme de musique et de danse qui repr\u00e9sente un pan important<br>du patrimoine culturel immat\u00e9riel ha\u00eftien. Dans toutes ses vari\u00e9t\u00e9s \u2013 Compas Direct, Hounsi, Boule de feu, M\u00e9lasse, Cadence Rampas, Makyav\u00e8l Karam\u00e8l, Digital, St\u00e9r\u00e9o, Manba, Malouk, K\u00e8kal, Timtim, Funk, Love, etc. \u2013, il offre un espace de reconnaissance et de c\u00e9l\u00e9bration pour les Ha\u00eftiens, tant \u00e0 l&rsquo;int\u00e9rieur qu&rsquo;\u00e0 l&rsquo;ext\u00e9rieur du pays. Le Konpa\/Compas avait \u00e9t\u00e9 inscrit au Registre national du patrimoine culturel immat\u00e9riel ha\u00eftien en 2019.<\/p>\n\n\n\n<p class=\"has-text-align-left\"><br>Symbole de coh\u00e9sion sociale et \u00e9l\u00e9ment intrins\u00e8que de la vie culturelle en Ha\u00efti, le Konpa\/Compas est la troisi\u00e8me soumission du pays \u00e0 cette liste depuis la ratification de la Convention de 2003 pour la sauvegarde du patrimoine culturel immat\u00e9riel, apr\u00e8s la Soup joumou\/Soupe au giraumon et la Kasav\/Cassave.<br>La D\u00e9l\u00e9gu\u00e9e permanente se r\u00e9jouit du soutien massif en faveur de cette candidature, du tr\u00e8s grand nombre de lettres de consentement re\u00e7ues et des efforts de longue haleine r\u00e9alis\u00e9s durant plusieurs mois au sein d\u2019un groupe de concertations \u00ab Konpa\/UNESCO \u00bb,<br>r\u00e9unissant la communaut\u00e9 du Konpa\/Compas et de nombreuses associations culturelles,<br>au premier rang desquelles l&rsquo;Association pour la Musique et la Danse Ha\u00eftiennes (AMDH).<\/p>\n\n\n\n<p class=\"has-text-align-left\"><br>La D\u00e9l\u00e9gation permanente d&rsquo;Ha\u00efti aupr\u00e8s de l&rsquo;UNESCO exprime sa reconnaissance envers<br>le Minist\u00e8re des Affaires \u00e9trang\u00e8res, le Minist\u00e8re de la Culture et de la Communication,<br>en particulier M. Andy Durosier, pour la coordination de la production de la vid\u00e9o et des photos, ainsi que les membres de la Commission nationale ha\u00eftienne de coop\u00e9ration avec l&rsquo;UNESCO, les chercheurs de l&rsquo;Universit\u00e9 d&rsquo;\u00c9tat d&rsquo;Ha\u00efti et l&rsquo;expert en patrimoine, M. Ricarson Dorc\u00e9, qui a assur\u00e9 l\u2019aspect scientifique du dossier.<\/p>\n\n\n\n<p class=\"has-text-align-left\"><br>Vive le Konpa\/Compas d\u2019Ha\u00efti ! Vive le patrimoine culturel immat\u00e9riel ha\u00eftien !<\/p>\n\n\n\n<p><\/p>\n\n\n\n<figure class=\"wp-block-image size-large\"><img loading=\"lazy\" width=\"741\" height=\"1024\" src=\"http:\/\/ayitimizik.net\/wp-content\/uploads\/2024\/04\/IMG_0620-741x1024.jpg\" alt=\"\" class=\"wp-image-1963\" srcset=\"http:\/\/ayitimizik.net\/wp-content\/uploads\/2024\/04\/IMG_0620-741x1024.jpg 741w, http:\/\/ayitimizik.net\/wp-content\/uploads\/2024\/04\/IMG_0620-306x423.jpg 306w, http:\/\/ayitimizik.net\/wp-content\/uploads\/2024\/04\/IMG_0620-768x1061.jpg 768w, http:\/\/ayitimizik.net\/wp-content\/uploads\/2024\/04\/IMG_0620-217x300.jpg 217w, http:\/\/ayitimizik.net\/wp-content\/uploads\/2024\/04\/IMG_0620.jpg 828w\" sizes=\"(max-width: 741px) 100vw, 741px\" \/><\/figure>\n","protected":false},"excerpt":{"rendered":"<p>Paris, le 26 mars 2024 L&rsquo;Ambassadeur, D\u00e9l\u00e9gu\u00e9e permanente de la R\u00e9publique d\u2019Ha\u00efti aupr\u00e8s de l&rsquo;UNESCO,Son Excellence Madame Dominique DUPUY, a soumis officiellement la candidature duKonpa\/Compas d&rsquo;Ha\u00efti pour \u00eatre inscrit sur la Liste repr\u00e9sentative du patrimoine culturelimmat\u00e9riel de l&rsquo;Humanit\u00e9. Le Konpa\/Compas &hellip; <a href=\"http:\/\/ayitimizik.net\/index.php\/2024\/04\/01\/communique\/\">Continuer la lecture <span class=\"meta-nav\">&rarr;<\/span><\/a><\/p>\n","protected":false},"author":2,"featured_media":0,"comment_status":"closed","ping_status":"closed","sticky":false,"template":"","format":"standard","meta":[],"categories":[6],"tags":[],"_links":{"self":[{"href":"http:\/\/ayitimizik.net\/index.php\/wp-json\/wp\/v2\/posts\/1962"}],"collection":[{"href":"http:\/\/ayitimizik.net\/index.php\/wp-json\/wp\/v2\/posts"}],"about":[{"href":"http:\/\/ayitimizik.net\/index.php\/wp-json\/wp\/v2\/types\/post"}],"author":[{"embeddable":true,"href":"http:\/\/ayitimizik.net\/index.php\/wp-json\/wp\/v2\/users\/2"}],"replies":[{"embeddable":true,"href":"http:\/\/ayitimizik.net\/index.php\/wp-json\/wp\/v2\/comments?post=1962"}],"version-history":[{"count":4,"href":"http:\/\/ayitimizik.net\/index.php\/wp-json\/wp\/v2\/posts\/1962\/revisions"}],"predecessor-version":[{"id":1967,"href":"http:\/\/ayitimizik.net\/index.php\/wp-json\/wp\/v2\/posts\/1962\/revisions\/1967"}],"wp:attachment":[{"href":"http:\/\/ayitimizik.net\/index.php\/wp-json\/wp\/v2\/media?parent=1962"}],"wp:term":[{"taxonomy":"category","embeddable":true,"href":"http:\/\/ayitimizik.net\/index.php\/wp-json\/wp\/v2\/categories?post=1962"},{"taxonomy":"post_tag","embeddable":true,"href":"http:\/\/ayitimizik.net\/index.php\/wp-json\/wp\/v2\/tags?post=1962"}],"curies":[{"name":"wp","href":"https:\/\/api.w.org\/{rel}","templated":true}]}}