{"id":1954,"date":"2023-12-09T19:40:24","date_gmt":"2023-12-09T18:40:24","guid":{"rendered":"http:\/\/ayitimizik.net\/?p=1954"},"modified":"2023-12-09T21:29:21","modified_gmt":"2023-12-09T20:29:21","slug":"appel-a-candidature-scene-decouverte-papjazz-2024","status":"publish","type":"post","link":"http:\/\/ayitimizik.net\/index.php\/2023\/12\/09\/appel-a-candidature-scene-decouverte-papjazz-2024\/","title":{"rendered":"Appel \u00e0 candidature &#8211; Sc\u00e8ne D\u00e9couverte  &#8211; PapJazz 2024"},"content":{"rendered":"\n<p class=\"has-text-align-center\">\ud83d\udea8Vous \u00eates un groupe de jeunes musicien.ne.s ? Vous cherchez \u00e0 vous faire connaitre ? <\/p>\n\n\n\n<p class=\"has-text-align-center\">\ud83d\udea8La Sc\u00e8ne D\u00e9couvertes du #papjazz2024 est pr\u00eate \u00e0 vous accueillir au @centreculturelcaraibes dimanche 28 janvier, pour une prestation de 20 minutes, devant public, dans des conditions optimales de spectacle qui sera \u00e9galement diffus\u00e9e \u00e0 la t\u00e9l\u00e9vision et en streaming \u00e0 travers le r\u00e9seau de RT Caraibes.<\/p>\n\n\n\n<h2 class=\"has-text-align-center\">4 candidatures seront retenues !<\/h2>\n\n\n\n<h2 class=\"has-text-align-center\">\ud83d\uddd3 Date limite des candidatures : 23 d\u00e9cembre 2023<\/h2>\n\n\n\n<p class=\"has-text-align-center\">\ud83d\udcdd FORMULAIRE D&rsquo;INSCRIPTION &#8211;&gt; https:\/\/forms.gle\/CssnstXE4i2FnQwaA<\/p>\n\n\n\n<figure class=\"wp-block-gallery columns-1 is-cropped\"><ul class=\"blocks-gallery-grid\"><li class=\"blocks-gallery-item\"><figure><img loading=\"lazy\" width=\"526\" height=\"526\" src=\"http:\/\/ayitimizik.net\/wp-content\/uploads\/2023\/12\/WhatsApp-Image-2023-12-09-at-12.41.26.jpeg\" alt=\"\" data-id=\"1955\" data-full-url=\"http:\/\/ayitimizik.net\/wp-content\/uploads\/2023\/12\/WhatsApp-Image-2023-12-09-at-12.41.26.jpeg\" data-link=\"http:\/\/ayitimizik.net\/index.php\/2023\/12\/09\/appel-a-candidature-scene-decouverte-papjazz-2024\/whatsapp-image-2023-12-09-at-12-41-26\/\" class=\"wp-image-1955\" srcset=\"http:\/\/ayitimizik.net\/wp-content\/uploads\/2023\/12\/WhatsApp-Image-2023-12-09-at-12.41.26.jpeg 526w, http:\/\/ayitimizik.net\/wp-content\/uploads\/2023\/12\/WhatsApp-Image-2023-12-09-at-12.41.26-423x423.jpeg 423w, http:\/\/ayitimizik.net\/wp-content\/uploads\/2023\/12\/WhatsApp-Image-2023-12-09-at-12.41.26-150x150.jpeg 150w, http:\/\/ayitimizik.net\/wp-content\/uploads\/2023\/12\/WhatsApp-Image-2023-12-09-at-12.41.26-300x300.jpeg 300w\" sizes=\"(max-width: 526px) 100vw, 526px\" \/><\/figure><\/li><\/ul><\/figure>\n","protected":false},"excerpt":{"rendered":"<p>\ud83d\udea8Vous \u00eates un groupe de jeunes musicien.ne.s ? Vous cherchez \u00e0 vous faire connaitre ? \ud83d\udea8La Sc\u00e8ne D\u00e9couvertes du #papjazz2024 est pr\u00eate \u00e0 vous accueillir au @centreculturelcaraibes dimanche 28 janvier, pour une prestation de 20 minutes, devant public, dans des &hellip; <a href=\"http:\/\/ayitimizik.net\/index.php\/2023\/12\/09\/appel-a-candidature-scene-decouverte-papjazz-2024\/\">Continuer la lecture <span class=\"meta-nav\">&rarr;<\/span><\/a><\/p>\n","protected":false},"author":2,"featured_media":0,"comment_status":"closed","ping_status":"closed","sticky":false,"template":"","format":"standard","meta":[],"categories":[6],"tags":[],"_links":{"self":[{"href":"http:\/\/ayitimizik.net\/index.php\/wp-json\/wp\/v2\/posts\/1954"}],"collection":[{"href":"http:\/\/ayitimizik.net\/index.php\/wp-json\/wp\/v2\/posts"}],"about":[{"href":"http:\/\/ayitimizik.net\/index.php\/wp-json\/wp\/v2\/types\/post"}],"author":[{"embeddable":true,"href":"http:\/\/ayitimizik.net\/index.php\/wp-json\/wp\/v2\/users\/2"}],"replies":[{"embeddable":true,"href":"http:\/\/ayitimizik.net\/index.php\/wp-json\/wp\/v2\/comments?post=1954"}],"version-history":[{"count":3,"href":"http:\/\/ayitimizik.net\/index.php\/wp-json\/wp\/v2\/posts\/1954\/revisions"}],"predecessor-version":[{"id":1959,"href":"http:\/\/ayitimizik.net\/index.php\/wp-json\/wp\/v2\/posts\/1954\/revisions\/1959"}],"wp:attachment":[{"href":"http:\/\/ayitimizik.net\/index.php\/wp-json\/wp\/v2\/media?parent=1954"}],"wp:term":[{"taxonomy":"category","embeddable":true,"href":"http:\/\/ayitimizik.net\/index.php\/wp-json\/wp\/v2\/categories?post=1954"},{"taxonomy":"post_tag","embeddable":true,"href":"http:\/\/ayitimizik.net\/index.php\/wp-json\/wp\/v2\/tags?post=1954"}],"curies":[{"name":"wp","href":"https:\/\/api.w.org\/{rel}","templated":true}]}}