{"id":1947,"date":"2023-11-20T16:51:16","date_gmt":"2023-11-20T15:51:16","guid":{"rendered":"http:\/\/ayitimizik.net\/?p=1947"},"modified":"2023-11-20T16:51:17","modified_gmt":"2023-11-20T15:51:17","slug":"appel-a-candidature","status":"publish","type":"post","link":"http:\/\/ayitimizik.net\/index.php\/2023\/11\/20\/appel-a-candidature\/","title":{"rendered":"Appel \u00e0 candidature"},"content":{"rendered":"\n<p><\/p>\n\n\n\n<h1>L&rsquo;APPEL \u00c0 CANDIDATURES&nbsp;JAZZ MIGRATION #10<\/h1>\n\n\n\n<h1>EST OUVERT<\/h1>\n\n\n\n<figure class=\"wp-block-image size-full\"><img loading=\"lazy\" width=\"819\" height=\"1024\" src=\"http:\/\/ayitimizik.net\/wp-content\/uploads\/2023\/11\/insta-portrait-zoom-819x1024-1.png\" alt=\"\" class=\"wp-image-1948\" srcset=\"http:\/\/ayitimizik.net\/wp-content\/uploads\/2023\/11\/insta-portrait-zoom-819x1024-1.png 819w, http:\/\/ayitimizik.net\/wp-content\/uploads\/2023\/11\/insta-portrait-zoom-819x1024-1-338x423.png 338w, http:\/\/ayitimizik.net\/wp-content\/uploads\/2023\/11\/insta-portrait-zoom-819x1024-1-768x960.png 768w, http:\/\/ayitimizik.net\/wp-content\/uploads\/2023\/11\/insta-portrait-zoom-819x1024-1-240x300.png 240w\" sizes=\"(max-width: 819px) 100vw, 819px\" \/><\/figure>\n\n\n\n<p><a href=\"https:\/\/jazzmigration.com\/appel-a-candidatures-jm10\/\">D\u00e9poser sa candidature<\/a><\/p>\n\n\n\n<h1><strong>Conditions d\u2019\u00e9ligibilit\u00e9<\/strong><\/h1>\n\n\n\n<ul><li><strong>\u00catre parrain\u00e9 par une structure de diffusion<\/strong>\u00a0bas\u00e9e en France.<\/li><li>La moyenne d\u2019\u00e2ge des musicien\u00b7ne\u00b7s doit \u00eatre de\u00a0<strong>moins de 35 ans.<\/strong><\/li><li>Format du duo au quintet\u00a0<strong>(pas de technicien.ne son ou lumi\u00e8re pris en charge dans le dispositif).<\/strong><\/li><li>Avoir au moins\u00a0<strong>3 titres enregistr\u00e9s<\/strong>\u00a0en qualit\u00e9 professionnelle au sein de la formation.<\/li><li>Obligation pour les formations d\u2019\u00eatre compos\u00e9es de\u00a0<strong>musicien\u00b7ne\u00b7s r\u00e9sidant en France.<\/strong><\/li><li>Pouvoir se rendre disponible pour le processus d\u2019accompagnement et la tourn\u00e9e entre 2024 et 2025.<\/li><li>Les musicien\u00b7ne\u00b7s ne doivent pas \u00eatre en cours d\u2019accompagnement Jazz Migration avec une autre formation.<\/li><li>Le m\u00eame groupe ne doit pas avoir d\u00e9j\u00e0 postul\u00e9 3 fois par le pass\u00e9.<\/li><li>Attention : faire partie de deux groupes en \u00e9liminera potentiellement un.<\/li><\/ul>\n\n\n\n<figure class=\"wp-block-embed is-type-wp-embed is-provider-jazz-migration wp-block-embed-jazz-migration\"><div class=\"wp-block-embed__wrapper\">\n<blockquote class=\"wp-embedded-content\" data-secret=\"cQQeh2aAyf\"><a href=\"https:\/\/jazzmigration.com\/postuler\/\">Postuler<\/a><\/blockquote><iframe class=\"wp-embedded-content\" sandbox=\"allow-scripts\" security=\"restricted\" style=\"position: absolute; clip: rect(1px, 1px, 1px, 1px);\" title=\"\u00ab\u00a0Postuler\u00a0\u00bb &#8212; Jazz Migration\" src=\"https:\/\/jazzmigration.com\/postuler\/embed\/#?secret=2tPiofzX1E#?secret=cQQeh2aAyf\" data-secret=\"cQQeh2aAyf\" width=\"584\" height=\"329\" frameborder=\"0\" marginwidth=\"0\" marginheight=\"0\" scrolling=\"no\"><\/iframe>\n<\/div><\/figure>\n","protected":false},"excerpt":{"rendered":"<p>L&rsquo;APPEL \u00c0 CANDIDATURES&nbsp;JAZZ MIGRATION #10 EST OUVERT D\u00e9poser sa candidature Conditions d\u2019\u00e9ligibilit\u00e9 \u00catre parrain\u00e9 par une structure de diffusion\u00a0bas\u00e9e en France. La moyenne d\u2019\u00e2ge des musicien\u00b7ne\u00b7s doit \u00eatre de\u00a0moins de 35 ans. Format du duo au quintet\u00a0(pas de technicien.ne son &hellip; <a href=\"http:\/\/ayitimizik.net\/index.php\/2023\/11\/20\/appel-a-candidature\/\">Continuer la lecture <span class=\"meta-nav\">&rarr;<\/span><\/a><\/p>\n","protected":false},"author":2,"featured_media":0,"comment_status":"closed","ping_status":"closed","sticky":false,"template":"","format":"standard","meta":[],"categories":[6],"tags":[],"_links":{"self":[{"href":"http:\/\/ayitimizik.net\/index.php\/wp-json\/wp\/v2\/posts\/1947"}],"collection":[{"href":"http:\/\/ayitimizik.net\/index.php\/wp-json\/wp\/v2\/posts"}],"about":[{"href":"http:\/\/ayitimizik.net\/index.php\/wp-json\/wp\/v2\/types\/post"}],"author":[{"embeddable":true,"href":"http:\/\/ayitimizik.net\/index.php\/wp-json\/wp\/v2\/users\/2"}],"replies":[{"embeddable":true,"href":"http:\/\/ayitimizik.net\/index.php\/wp-json\/wp\/v2\/comments?post=1947"}],"version-history":[{"count":1,"href":"http:\/\/ayitimizik.net\/index.php\/wp-json\/wp\/v2\/posts\/1947\/revisions"}],"predecessor-version":[{"id":1949,"href":"http:\/\/ayitimizik.net\/index.php\/wp-json\/wp\/v2\/posts\/1947\/revisions\/1949"}],"wp:attachment":[{"href":"http:\/\/ayitimizik.net\/index.php\/wp-json\/wp\/v2\/media?parent=1947"}],"wp:term":[{"taxonomy":"category","embeddable":true,"href":"http:\/\/ayitimizik.net\/index.php\/wp-json\/wp\/v2\/categories?post=1947"},{"taxonomy":"post_tag","embeddable":true,"href":"http:\/\/ayitimizik.net\/index.php\/wp-json\/wp\/v2\/tags?post=1947"}],"curies":[{"name":"wp","href":"https:\/\/api.w.org\/{rel}","templated":true}]}}