{"id":1938,"date":"2023-09-08T17:16:34","date_gmt":"2023-09-08T15:16:34","guid":{"rendered":"http:\/\/ayitimizik.net\/?p=1938"},"modified":"2023-09-08T17:16:36","modified_gmt":"2023-09-08T15:16:36","slug":"appel-a-candidatures-residence-artistique-photographie-et-musique","status":"publish","type":"post","link":"http:\/\/ayitimizik.net\/index.php\/2023\/09\/08\/appel-a-candidatures-residence-artistique-photographie-et-musique\/","title":{"rendered":"APPEL \u00c0 CANDIDATURES &#8211; R\u00c9SIDENCE ARTISTIQUE PHOTOGRAPHIE ET MUSIQUE"},"content":{"rendered":"\n<p>Vous \u00eates un\u2022e jeune photographe ? \u00cates-vous un\u2022e jeune musicien\u2022ne ? La coop\u00e9ration Suisse en Ha\u00efti vous invite \u00e0 candidater pour une r\u00e9sidence acad\u00e9mique \u00e0 Cuba dans les domaines de la musique et de la photographie. 5 Photographes et 5 Musicien\u2022nes seront s\u00e9lectionn\u00e9\u2022es dans le cadre de cet appel. Envoyez vos candidatures \u00e0 l\u2019adresse :gregory.jean@eda.admin.ch <\/p>\n\n\n\n<p>Date limite de candidature : 10 septembre 2023 \u00e0 minuit. Consultez la page Facebook de l&rsquo;ambassade de Suisse en Haiti pour plus d\u2019informations. <\/p>\n\n\n\n<p><\/p>\n","protected":false},"excerpt":{"rendered":"<p>Vous \u00eates un\u2022e jeune photographe ? \u00cates-vous un\u2022e jeune musicien\u2022ne ? La coop\u00e9ration Suisse en Ha\u00efti vous invite \u00e0 candidater pour une r\u00e9sidence acad\u00e9mique \u00e0 Cuba dans les domaines de la musique et de la photographie. 5 Photographes et 5 &hellip; <a href=\"http:\/\/ayitimizik.net\/index.php\/2023\/09\/08\/appel-a-candidatures-residence-artistique-photographie-et-musique\/\">Continuer la lecture <span class=\"meta-nav\">&rarr;<\/span><\/a><\/p>\n","protected":false},"author":2,"featured_media":0,"comment_status":"closed","ping_status":"closed","sticky":false,"template":"","format":"standard","meta":[],"categories":[6],"tags":[],"_links":{"self":[{"href":"http:\/\/ayitimizik.net\/index.php\/wp-json\/wp\/v2\/posts\/1938"}],"collection":[{"href":"http:\/\/ayitimizik.net\/index.php\/wp-json\/wp\/v2\/posts"}],"about":[{"href":"http:\/\/ayitimizik.net\/index.php\/wp-json\/wp\/v2\/types\/post"}],"author":[{"embeddable":true,"href":"http:\/\/ayitimizik.net\/index.php\/wp-json\/wp\/v2\/users\/2"}],"replies":[{"embeddable":true,"href":"http:\/\/ayitimizik.net\/index.php\/wp-json\/wp\/v2\/comments?post=1938"}],"version-history":[{"count":2,"href":"http:\/\/ayitimizik.net\/index.php\/wp-json\/wp\/v2\/posts\/1938\/revisions"}],"predecessor-version":[{"id":1940,"href":"http:\/\/ayitimizik.net\/index.php\/wp-json\/wp\/v2\/posts\/1938\/revisions\/1940"}],"wp:attachment":[{"href":"http:\/\/ayitimizik.net\/index.php\/wp-json\/wp\/v2\/media?parent=1938"}],"wp:term":[{"taxonomy":"category","embeddable":true,"href":"http:\/\/ayitimizik.net\/index.php\/wp-json\/wp\/v2\/categories?post=1938"},{"taxonomy":"post_tag","embeddable":true,"href":"http:\/\/ayitimizik.net\/index.php\/wp-json\/wp\/v2\/tags?post=1938"}],"curies":[{"name":"wp","href":"https:\/\/api.w.org\/{rel}","templated":true}]}}