{"id":1934,"date":"2023-09-08T16:29:54","date_gmt":"2023-09-08T14:29:54","guid":{"rendered":"http:\/\/ayitimizik.net\/?p=1934"},"modified":"2023-09-08T16:29:55","modified_gmt":"2023-09-08T14:29:55","slug":"trame-2024","status":"publish","type":"post","link":"http:\/\/ayitimizik.net\/index.php\/2023\/09\/08\/trame-2024\/","title":{"rendered":"TRAME 2024"},"content":{"rendered":"\n<p>Appel \u00e0 candidatures<\/p>\n\n\n\n<p>Date limite de candidatures : 29 octobre 2023 inclus<\/p>\n\n\n\n<figure class=\"wp-block-image size-full\"><img loading=\"lazy\" width=\"800\" height=\"800\" src=\"http:\/\/ayitimizik.net\/wp-content\/uploads\/2023\/09\/188349-visuel_trame_2024small.jpeg\" alt=\"\" class=\"wp-image-1935\" srcset=\"http:\/\/ayitimizik.net\/wp-content\/uploads\/2023\/09\/188349-visuel_trame_2024small.jpeg 800w, http:\/\/ayitimizik.net\/wp-content\/uploads\/2023\/09\/188349-visuel_trame_2024small-423x423.jpeg 423w, http:\/\/ayitimizik.net\/wp-content\/uploads\/2023\/09\/188349-visuel_trame_2024small-150x150.jpeg 150w, http:\/\/ayitimizik.net\/wp-content\/uploads\/2023\/09\/188349-visuel_trame_2024small-768x768.jpeg 768w, http:\/\/ayitimizik.net\/wp-content\/uploads\/2023\/09\/188349-visuel_trame_2024small-300x300.jpeg 300w\" sizes=\"(max-width: 800px) 100vw, 800px\" \/><\/figure>\n\n\n\n<p class=\"has-text-align-left\">TRAME est un programme de r\u00e9sidences, initi\u00e9 en 2019, \u00e0 destination d\u2019artistes francophones du monde entier et de toutes disciplines (arts visuels, cin\u00e9ma, arts vivants, \u00e9critures, musiques) qui souhaitent d\u00e9velopper un projet de recherche et de cr\u00e9ation \u00e0 Paris, pendant une dur\u00e9e de trois mois au printemps 2024. Chaque ann\u00e9e, dix laur\u00e9ats sont s\u00e9lectionn\u00e9s.<\/p>\n\n\n\n<p class=\"has-text-align-left\">TRAME s\u2019ancre au c\u0153ur de la vie, des activit\u00e9s et des r\u00e9seaux de la Cit\u00e9 internationale des arts et de ses 325 r\u00e9sidents de toutes disciplines, de toutes g\u00e9n\u00e9rations et de toutes les nationalit\u00e9s et propose un accompagnement compos\u00e9 de rencontres r\u00e9guli\u00e8res avec des artistes et des professionnels de la culture.<\/p>\n\n\n\n<p class=\"has-text-align-left\">Le programme TRAME s\u2019inscrit dans la lign\u00e9e des actions men\u00e9es depuis 2019 par la Cit\u00e9 internationale des arts, d\u00e9sign\u00e9e p\u00f4le de r\u00e9f\u00e9rence de la cr\u00e9ation francophone par le Minist\u00e8re de la Culture aux c\u00f4t\u00e9s de La Chartreuse de Villeneuve-l\u00e8s-Avignon \u2013 Centre national des \u00e9critures du spectacle et Les Francophonies \u2013 Des \u00e9critures \u00e0 la sc\u00e8ne \u00e0 Limoges.<br>Il b\u00e9n\u00e9ficie du soutien du Minist\u00e8re de la Culture.<\/p>\n\n\n\n<p class=\"has-text-align-left\">Toutes les informations et questions pratiques \u00e0 lire ci-dessous et disponibles en t\u00e9l\u00e9chargement&nbsp;<a href=\"https:\/\/www.citedesartsparis.net\/media\/cia\/188349-appel_a_candidatures_trame_2024.pdf\"><strong>ICI<\/strong><\/a>&nbsp;(merci de bien consulter ces \u00e9l\u00e9ments avant le d\u00e9pot de votre candidature).&nbsp;<\/p>\n\n\n\n<p class=\"has-text-align-left\"><strong><a rel=\"noreferrer noopener\" href=\"https:\/\/forms.gle\/ikBNnNvi7mNMCjwc6\" target=\"_blank\">D\u00c9POSER VOTRE CANDIDATURE<\/a><\/strong><br>\u00a0Si vous ne pouvez pas acc\u00e9der \u00e0 l\u2019inscription en ligne, vous pouvez\u00a0contacter le service des r\u00e9sidences de la Cit\u00e9 internationale des arts\u00a0:\u00a0<a href=\"mailto:commissions@citedesartsparis.fr\">commissions@citedesartsparis.fr<\/a>.\u00a0Il ne sera pas donn\u00e9 suite aux appels t\u00e9l\u00e9phoniques.<\/p>\n","protected":false},"excerpt":{"rendered":"<p>Appel \u00e0 candidatures Date limite de candidatures : 29 octobre 2023 inclus TRAME est un programme de r\u00e9sidences, initi\u00e9 en 2019, \u00e0 destination d\u2019artistes francophones du monde entier et de toutes disciplines (arts visuels, cin\u00e9ma, arts vivants, \u00e9critures, musiques) qui &hellip; <a href=\"http:\/\/ayitimizik.net\/index.php\/2023\/09\/08\/trame-2024\/\">Continuer la lecture <span class=\"meta-nav\">&rarr;<\/span><\/a><\/p>\n","protected":false},"author":2,"featured_media":0,"comment_status":"closed","ping_status":"closed","sticky":false,"template":"","format":"standard","meta":[],"categories":[6],"tags":[],"_links":{"self":[{"href":"http:\/\/ayitimizik.net\/index.php\/wp-json\/wp\/v2\/posts\/1934"}],"collection":[{"href":"http:\/\/ayitimizik.net\/index.php\/wp-json\/wp\/v2\/posts"}],"about":[{"href":"http:\/\/ayitimizik.net\/index.php\/wp-json\/wp\/v2\/types\/post"}],"author":[{"embeddable":true,"href":"http:\/\/ayitimizik.net\/index.php\/wp-json\/wp\/v2\/users\/2"}],"replies":[{"embeddable":true,"href":"http:\/\/ayitimizik.net\/index.php\/wp-json\/wp\/v2\/comments?post=1934"}],"version-history":[{"count":2,"href":"http:\/\/ayitimizik.net\/index.php\/wp-json\/wp\/v2\/posts\/1934\/revisions"}],"predecessor-version":[{"id":1937,"href":"http:\/\/ayitimizik.net\/index.php\/wp-json\/wp\/v2\/posts\/1934\/revisions\/1937"}],"wp:attachment":[{"href":"http:\/\/ayitimizik.net\/index.php\/wp-json\/wp\/v2\/media?parent=1934"}],"wp:term":[{"taxonomy":"category","embeddable":true,"href":"http:\/\/ayitimizik.net\/index.php\/wp-json\/wp\/v2\/categories?post=1934"},{"taxonomy":"post_tag","embeddable":true,"href":"http:\/\/ayitimizik.net\/index.php\/wp-json\/wp\/v2\/tags?post=1934"}],"curies":[{"name":"wp","href":"https:\/\/api.w.org\/{rel}","templated":true}]}}