{"id":1923,"date":"2022-01-21T03:20:37","date_gmt":"2022-01-21T02:20:37","guid":{"rendered":"http:\/\/ayitimizik.net\/?p=1923"},"modified":"2022-01-21T03:20:39","modified_gmt":"2022-01-21T02:20:39","slug":"appel-a-candidatures-prince-claus-seed-awards-2022","status":"publish","type":"post","link":"http:\/\/ayitimizik.net\/index.php\/2022\/01\/21\/appel-a-candidatures-prince-claus-seed-awards-2022\/","title":{"rendered":"APPEL \u00c0 CANDIDATURES: Prince Claus Seed Awards 2022"},"content":{"rendered":"\n<figure class=\"wp-block-image size-full\"><img loading=\"lazy\" width=\"516\" height=\"290\" src=\"http:\/\/ayitimizik.net\/wp-content\/uploads\/2022\/01\/prince-claus-seed-awards-2021.webp\" alt=\"\" class=\"wp-image-1924\" srcset=\"http:\/\/ayitimizik.net\/wp-content\/uploads\/2022\/01\/prince-claus-seed-awards-2021.webp 516w, http:\/\/ayitimizik.net\/wp-content\/uploads\/2022\/01\/prince-claus-seed-awards-2021-500x281.webp 500w\" sizes=\"(max-width: 516px) 100vw, 516px\" \/><\/figure>\n\n\n\n<p>Le Prince Claus Fund invite les artistes \u00e9mergents et les praticiens de la culture \u00e0 postuler pour son programme Prince Claus Seed Awards 2022.<\/p>\n\n\n\n<p>L&rsquo;<a rel=\"noreferrer noopener\" href=\"https:\/\/princeclausfund.org\/eligible-countries-list?utm_source=Prince+Claus+Fund+Newsletter+Masterlist&amp;utm_campaign=41868a5dec-EMAIL_CAMPAIGN_2021_12_01_12_42_COPY_01&amp;utm_medium=email&amp;utm_term=0_855e0a8b14-41868a5dec-111589150&amp;mc_cid=41868a5dec&amp;mc_eid=33757ecc1b\" target=\"_blank\">appel est ouvert<\/a>\u00a0aux pays d&rsquo;Afrique, d&rsquo;Asie, d&rsquo;Am\u00e9rique latine, des Cara\u00efbes et d&rsquo;Europe de l&rsquo;Est.<\/p>\n\n\n\n<p>Les candidats doivent remplir :<\/p>\n\n\n\n<ul><li>Un formulaire de candidature en ligne\u00a0<a rel=\"noreferrer noopener\" href=\"https:\/\/princeclausfund.awardsplatform.com\/\" target=\"_blank\">ici<\/a><\/li><li>Soumettre des \u00e9chantillons de leur travail<\/li><li>Une lettre de r\u00e9f\u00e9rence<\/li><li>Un pitch r\u00e9pondant \u00e0 la question\u00a0: Qu&rsquo;est-ce qui vous motive en tant qu&rsquo;artiste\u00a0?<\/li><\/ul>\n\n\n\n<p>Le Prince Claus Fund r\u00e9compense chaque ann\u00e9e 100 artistes \u00e9mergents et praticiens de la culture qui sont dans les cinq premi\u00e8res ann\u00e9es de leur carri\u00e8re avec les Prince Claus Seed Awards.<\/p>\n\n\n\n<p>Les Prince Claus Seed Awards s&rsquo;adressent aux artistes \u00e9mergents et aux praticiens culturels qui :<\/p>\n\n\n\n<ul><li>Sont en moyenne dans les 1 \u00e0 5 premi\u00e8res ann\u00e9es de leur carri\u00e8re professionnelle (ann\u00e9es d&rsquo;\u00e9tudes non comprises)<\/li><li>Avoir une pratique artistique innovante et int\u00e9ressante qui aborde des probl\u00e8mes sociaux \/ politiques urgents importants dans leur contexte local<\/li><li>Ont re\u00e7u peu ou pas de reconnaissance\/soutien pour leurs pratiques artistiques\/culturelles, et ne sont pas encore reconnus internationalement.<\/li><\/ul>\n\n\n\n<p>Les Prince Claus Seed Awards encouragent les personnes ayant des pratiques artistiques exp\u00e9rimentales qui :<\/p>\n\n\n\n<ul><li>Repr\u00e9sentent les groupes minoritaires et les communaut\u00e9s marginalis\u00e9es au sein de la soci\u00e9t\u00e9<\/li><li>Cr\u00e9ent des espaces s\u00fbrs pour les jeunes artistes, cr\u00e9ateurs et participants<\/li><li>G\u00e9n\u00e8rent la participation et donner aux communaut\u00e9s locales les moyens de s&rsquo;exprimer librement<\/li><li>Proposent de nouveaux r\u00e9cits et futurs sur les histoires, en particulier celles qui sont censur\u00e9es ou marginalis\u00e9es pour des raisons politiques, religieuses, culturelles ou \u00e9conomiques<\/li><li>Permettent l&rsquo;\u00e9change, la coop\u00e9ration et le partage des connaissances li\u00e9s \u00e0 la crise environnementale mondiale actuelle<\/li><li>D\u00e9fient de mani\u00e8re cr\u00e9ative et confiante les normes de genre.<\/li><\/ul>\n\n\n\n<p>La date limite de soumission est le\u00a01er mars.<\/p>\n\n\n\n<p>Voir l&rsquo;appel d&rsquo;origine\u00a0<a rel=\"noreferrer noopener\" href=\"https:\/\/princeclausfund.org\/open-calls\/open-call-prince-claus-seed-awards-2022\" target=\"_blank\">ici<\/a>.<\/p>\n\n\n\n<p>Source : <a href=\"https:\/\/www.musicinafrica.net\/fr\/magazine\/appel-candidatures-prince-claus-seed-awards-2022?\" target=\"_blank\" rel=\"noreferrer noopener\">MusicinAfrica<\/a><\/p>\n","protected":false},"excerpt":{"rendered":"<p>Le Prince Claus Fund invite les artistes \u00e9mergents et les praticiens de la culture \u00e0 postuler pour son programme Prince Claus Seed Awards 2022. L&rsquo;appel est ouvert\u00a0aux pays d&rsquo;Afrique, d&rsquo;Asie, d&rsquo;Am\u00e9rique latine, des Cara\u00efbes et d&rsquo;Europe de l&rsquo;Est. Les candidats &hellip; <a href=\"http:\/\/ayitimizik.net\/index.php\/2022\/01\/21\/appel-a-candidatures-prince-claus-seed-awards-2022\/\">Continuer la lecture <span class=\"meta-nav\">&rarr;<\/span><\/a><\/p>\n","protected":false},"author":3,"featured_media":0,"comment_status":"closed","ping_status":"closed","sticky":false,"template":"","format":"standard","meta":[],"categories":[16],"tags":[],"_links":{"self":[{"href":"http:\/\/ayitimizik.net\/index.php\/wp-json\/wp\/v2\/posts\/1923"}],"collection":[{"href":"http:\/\/ayitimizik.net\/index.php\/wp-json\/wp\/v2\/posts"}],"about":[{"href":"http:\/\/ayitimizik.net\/index.php\/wp-json\/wp\/v2\/types\/post"}],"author":[{"embeddable":true,"href":"http:\/\/ayitimizik.net\/index.php\/wp-json\/wp\/v2\/users\/3"}],"replies":[{"embeddable":true,"href":"http:\/\/ayitimizik.net\/index.php\/wp-json\/wp\/v2\/comments?post=1923"}],"version-history":[{"count":1,"href":"http:\/\/ayitimizik.net\/index.php\/wp-json\/wp\/v2\/posts\/1923\/revisions"}],"predecessor-version":[{"id":1925,"href":"http:\/\/ayitimizik.net\/index.php\/wp-json\/wp\/v2\/posts\/1923\/revisions\/1925"}],"wp:attachment":[{"href":"http:\/\/ayitimizik.net\/index.php\/wp-json\/wp\/v2\/media?parent=1923"}],"wp:term":[{"taxonomy":"category","embeddable":true,"href":"http:\/\/ayitimizik.net\/index.php\/wp-json\/wp\/v2\/categories?post=1923"},{"taxonomy":"post_tag","embeddable":true,"href":"http:\/\/ayitimizik.net\/index.php\/wp-json\/wp\/v2\/tags?post=1923"}],"curies":[{"name":"wp","href":"https:\/\/api.w.org\/{rel}","templated":true}]}}