{"id":1903,"date":"2021-11-04T14:23:32","date_gmt":"2021-11-04T13:23:32","guid":{"rendered":"http:\/\/ayitimizik.net\/?p=1903"},"modified":"2021-11-04T14:23:34","modified_gmt":"2021-11-04T13:23:34","slug":"appel-a-candidatures-programme-pour-les-jeunes-experts-de-lompi","status":"publish","type":"post","link":"http:\/\/ayitimizik.net\/index.php\/2021\/11\/04\/appel-a-candidatures-programme-pour-les-jeunes-experts-de-lompi\/","title":{"rendered":"APPEL \u00c0 CANDIDATURES: Programme pour les jeunes experts de l&rsquo;OMPI"},"content":{"rendered":"\n<figure class=\"wp-block-image size-large\"><img loading=\"lazy\" width=\"1024\" height=\"538\" src=\"http:\/\/ayitimizik.net\/wp-content\/uploads\/2021\/11\/YEP_OMPI-1024x538.png\" alt=\"\" class=\"wp-image-1904\" srcset=\"http:\/\/ayitimizik.net\/wp-content\/uploads\/2021\/11\/YEP_OMPI-1024x538.png 1024w, http:\/\/ayitimizik.net\/wp-content\/uploads\/2021\/11\/YEP_OMPI-806x423.png 806w, http:\/\/ayitimizik.net\/wp-content\/uploads\/2021\/11\/YEP_OMPI-768x403.png 768w, http:\/\/ayitimizik.net\/wp-content\/uploads\/2021\/11\/YEP_OMPI-500x263.png 500w, http:\/\/ayitimizik.net\/wp-content\/uploads\/2021\/11\/YEP_OMPI.png 1200w\" sizes=\"(max-width: 1024px) 100vw, 1024px\" \/><\/figure>\n\n\n\n<h1 id=\"hero_label01\">Programme pour les jeunes experts&nbsp;: Former les futurs dirigeants mondiaux dans le domaine de la propri\u00e9t\u00e9 intellectuelle<\/h1>\n\n\n\n<p>L\u2019OMPI inaugure un \u201cProgramme pour les jeunes experts\u201d (YEP) destin\u00e9 \u00e0 former la prochaine g\u00e9n\u00e9ration de dirigeants mondiaux dans le domaine de la propri\u00e9t\u00e9 intellectuelle afin de contribuer \u00e0 la cr\u00e9ation d\u2019\u00e9cosyst\u00e8mes d\u2019innovation dans le monde entier. Gr\u00e2ce \u00e0 ce programme de deux ans, des jeunes talentueux seront form\u00e9s non seulement \u00e0 comprendre les aspects techniques de la propri\u00e9t\u00e9 intellectuelle, mais \u00e9galement \u00e0 les mettre en pratique, afin d\u2019avoir une influence dans leur pays et leur r\u00e9gion.<\/p>\n\n\n\n<p>C\u2019est un camp d\u2019entra\u00eenement pour votre carri\u00e8re \u2013 et un programme d\u2019\u00e9tudes sup\u00e9rieures pour la vie!<\/p>\n\n\n\n<p>Nous recherchons des jeunes passionn\u00e9s et talentueux (35&nbsp;ans ou moins) pour rejoindre notre premi\u00e8re promotion de jeunes experts d\u00e8s le d\u00e9but de 2022.<\/p>\n\n\n\n<p><a href=\"https:\/\/wipo.taleo.net\/careersection\/wp_2\/jobdetail.ftl?job=21236-YEP&amp;tz=GMT%2B02%3A00&amp;tzname=Europe%2FBerlin\" target=\"_blank\" rel=\"noreferrer noopener\">D\u00e9posez votre candidature pour participer au Programme pour les jeunes experts<\/a><\/p>\n\n\n\n<p><strong>Date limite de d\u00e9p\u00f4t des candidatures&nbsp;: 19&nbsp;novembre&nbsp;2021<\/strong><\/p>\n","protected":false},"excerpt":{"rendered":"<p>Programme pour les jeunes experts&nbsp;: Former les futurs dirigeants mondiaux dans le domaine de la propri\u00e9t\u00e9 intellectuelle L\u2019OMPI inaugure un \u201cProgramme pour les jeunes experts\u201d (YEP) destin\u00e9 \u00e0 former la prochaine g\u00e9n\u00e9ration de dirigeants mondiaux dans le domaine de la &hellip; <a href=\"http:\/\/ayitimizik.net\/index.php\/2021\/11\/04\/appel-a-candidatures-programme-pour-les-jeunes-experts-de-lompi\/\">Continuer la lecture <span class=\"meta-nav\">&rarr;<\/span><\/a><\/p>\n","protected":false},"author":3,"featured_media":0,"comment_status":"closed","ping_status":"closed","sticky":false,"template":"","format":"standard","meta":[],"categories":[6,16],"tags":[],"_links":{"self":[{"href":"http:\/\/ayitimizik.net\/index.php\/wp-json\/wp\/v2\/posts\/1903"}],"collection":[{"href":"http:\/\/ayitimizik.net\/index.php\/wp-json\/wp\/v2\/posts"}],"about":[{"href":"http:\/\/ayitimizik.net\/index.php\/wp-json\/wp\/v2\/types\/post"}],"author":[{"embeddable":true,"href":"http:\/\/ayitimizik.net\/index.php\/wp-json\/wp\/v2\/users\/3"}],"replies":[{"embeddable":true,"href":"http:\/\/ayitimizik.net\/index.php\/wp-json\/wp\/v2\/comments?post=1903"}],"version-history":[{"count":1,"href":"http:\/\/ayitimizik.net\/index.php\/wp-json\/wp\/v2\/posts\/1903\/revisions"}],"predecessor-version":[{"id":1905,"href":"http:\/\/ayitimizik.net\/index.php\/wp-json\/wp\/v2\/posts\/1903\/revisions\/1905"}],"wp:attachment":[{"href":"http:\/\/ayitimizik.net\/index.php\/wp-json\/wp\/v2\/media?parent=1903"}],"wp:term":[{"taxonomy":"category","embeddable":true,"href":"http:\/\/ayitimizik.net\/index.php\/wp-json\/wp\/v2\/categories?post=1903"},{"taxonomy":"post_tag","embeddable":true,"href":"http:\/\/ayitimizik.net\/index.php\/wp-json\/wp\/v2\/tags?post=1903"}],"curies":[{"name":"wp","href":"https:\/\/api.w.org\/{rel}","templated":true}]}}