{"id":1901,"date":"2021-10-25T15:13:34","date_gmt":"2021-10-25T13:13:34","guid":{"rendered":"http:\/\/ayitimizik.net\/?p=1901"},"modified":"2021-10-25T15:13:36","modified_gmt":"2021-10-25T13:13:36","slug":"appel-a-candidatures-fonds-de-mobilite-caraibes-de-linstitut-francais-2022","status":"publish","type":"post","link":"http:\/\/ayitimizik.net\/index.php\/2021\/10\/25\/appel-a-candidatures-fonds-de-mobilite-caraibes-de-linstitut-francais-2022\/","title":{"rendered":"APPEL \u00c0 CANDIDATURES: FONDS DE MOBILIT\u00c9 CARA\u00cfBES DE L&rsquo;INSTITUT FRAN\u00c7AIS 2022"},"content":{"rendered":"\n<figure class=\"wp-block-image size-full\"><img loading=\"lazy\" width=\"700\" height=\"350\" src=\"http:\/\/ayitimizik.net\/wp-content\/uploads\/2019\/11\/institut-francais-logo-1.jpg\" alt=\"\" class=\"wp-image-1465\" srcset=\"http:\/\/ayitimizik.net\/wp-content\/uploads\/2019\/11\/institut-francais-logo-1.jpg 700w, http:\/\/ayitimizik.net\/wp-content\/uploads\/2019\/11\/institut-francais-logo-1-500x250.jpg 500w\" sizes=\"(max-width: 700px) 100vw, 700px\" \/><\/figure>\n\n\n\n<p>Le Fonds de mobilit\u00e9 Cara\u00efbes est un programme de la mission de coop\u00e9ration culturelle Afrique et Cara\u00efbes de l&rsquo;Institut fran\u00e7ais avec le soutien des Directions des Affaires Culturelles de la Guadeloupe, de la Martinique et de la Direction Culture, Jeunesse et Sports de la Guyane.<\/p>\n\n\n\n<p>Ce programme soutient la mobilit\u00e9 \u00e0 l&rsquo;int\u00e9rieur de la zone Cara\u00efbes (pays membres de l&rsquo;AEC* et DFA**) et en direction des \u00c9tats-Unis ainsi que du Canada.<\/p>\n\n\n\n<p><strong>ATTENTION&nbsp;: tout dossier devra \u00eatre d\u00e9pos\u00e9&nbsp;<u>au plus tard un mois avant la date de d\u00e9but de mobilit\u00e9<\/u><\/strong><\/p>\n\n\n\n<p>Le Fonds de mobilit\u00e9 Cara\u00efbes&nbsp;est ouvert aux<strong>&nbsp;<\/strong>professionnels de la culture ou&nbsp;artistes r\u00e9sidant dans l&rsquo;un des pays de la Cara\u00efbe ou dans un des d\u00e9partements fran\u00e7ais d&rsquo;Am\u00e9rique<\/p>\n\n\n\n<p><em>&nbsp;*AEC : Antigua &amp; Barbuda; Bahamas; Barbade; Belize; Colombie; Costa Rica; Cuba; Dominique; El Salvador; Grenade; Guatemala; Guyane; Ha\u00efti; Honduras; Jama\u00efque; Mexique; Nicaragua; Panama; R\u00e9publique Dominicaine; Saint-Christophe-et-Ni\u00e9v\u00e8s; Sainte-Lucie; Saint-Vincent &amp; Les Grenadines; Suriname; Trinit\u00e9-et-Tobago; Venezuela.<\/em><\/p>\n\n\n\n<p><em>\u00a0**D\u00e9partements fran\u00e7ais d\u2019Am\u00e9rique :\u00a0Guadeloupe, Martinique, Guyane<\/em><\/p>\n\n\n\n<p>Informations et candidatures :<a href=\"https:\/\/www.pro.institutfrancais.com\/fr\/offre\/fonds-de-mobilite-caraibes\" target=\"_blank\" rel=\"noreferrer noopener\"> Institut Fran\u00e7ais<\/a><\/p>\n","protected":false},"excerpt":{"rendered":"<p>Le Fonds de mobilit\u00e9 Cara\u00efbes est un programme de la mission de coop\u00e9ration culturelle Afrique et Cara\u00efbes de l&rsquo;Institut fran\u00e7ais avec le soutien des Directions des Affaires Culturelles de la Guadeloupe, de la Martinique et de la Direction Culture, Jeunesse &hellip; <a href=\"http:\/\/ayitimizik.net\/index.php\/2021\/10\/25\/appel-a-candidatures-fonds-de-mobilite-caraibes-de-linstitut-francais-2022\/\">Continuer la lecture <span class=\"meta-nav\">&rarr;<\/span><\/a><\/p>\n","protected":false},"author":3,"featured_media":0,"comment_status":"closed","ping_status":"closed","sticky":false,"template":"","format":"standard","meta":[],"categories":[6,16],"tags":[],"_links":{"self":[{"href":"http:\/\/ayitimizik.net\/index.php\/wp-json\/wp\/v2\/posts\/1901"}],"collection":[{"href":"http:\/\/ayitimizik.net\/index.php\/wp-json\/wp\/v2\/posts"}],"about":[{"href":"http:\/\/ayitimizik.net\/index.php\/wp-json\/wp\/v2\/types\/post"}],"author":[{"embeddable":true,"href":"http:\/\/ayitimizik.net\/index.php\/wp-json\/wp\/v2\/users\/3"}],"replies":[{"embeddable":true,"href":"http:\/\/ayitimizik.net\/index.php\/wp-json\/wp\/v2\/comments?post=1901"}],"version-history":[{"count":1,"href":"http:\/\/ayitimizik.net\/index.php\/wp-json\/wp\/v2\/posts\/1901\/revisions"}],"predecessor-version":[{"id":1902,"href":"http:\/\/ayitimizik.net\/index.php\/wp-json\/wp\/v2\/posts\/1901\/revisions\/1902"}],"wp:attachment":[{"href":"http:\/\/ayitimizik.net\/index.php\/wp-json\/wp\/v2\/media?parent=1901"}],"wp:term":[{"taxonomy":"category","embeddable":true,"href":"http:\/\/ayitimizik.net\/index.php\/wp-json\/wp\/v2\/categories?post=1901"},{"taxonomy":"post_tag","embeddable":true,"href":"http:\/\/ayitimizik.net\/index.php\/wp-json\/wp\/v2\/tags?post=1901"}],"curies":[{"name":"wp","href":"https:\/\/api.w.org\/{rel}","templated":true}]}}