{"id":1898,"date":"2021-10-09T23:26:02","date_gmt":"2021-10-09T21:26:02","guid":{"rendered":"http:\/\/ayitimizik.net\/?p=1898"},"modified":"2021-10-09T23:26:04","modified_gmt":"2021-10-09T21:26:04","slug":"appel-a-candidatures-chansons-sans-frontieres-2021","status":"publish","type":"post","link":"http:\/\/ayitimizik.net\/index.php\/2021\/10\/09\/appel-a-candidatures-chansons-sans-frontieres-2021\/","title":{"rendered":"APPEL \u00c0 CANDIDATURES : Chansons Sans Fronti\u00e8res 2021"},"content":{"rendered":"\n<figure class=\"wp-block-gallery columns-1 is-cropped\"><ul class=\"blocks-gallery-grid\"><li class=\"blocks-gallery-item\"><figure><img loading=\"lazy\" width=\"727\" height=\"1024\" src=\"http:\/\/ayitimizik.net\/wp-content\/uploads\/2021\/10\/Affiche-CSF16-Web-1-727x1024-1.jpg\" alt=\"\" data-id=\"1899\" data-full-url=\"http:\/\/ayitimizik.net\/wp-content\/uploads\/2021\/10\/Affiche-CSF16-Web-1-727x1024-1.jpg\" data-link=\"http:\/\/ayitimizik.net\/?attachment_id=1899\" class=\"wp-image-1899\" srcset=\"http:\/\/ayitimizik.net\/wp-content\/uploads\/2021\/10\/Affiche-CSF16-Web-1-727x1024-1.jpg 727w, http:\/\/ayitimizik.net\/wp-content\/uploads\/2021\/10\/Affiche-CSF16-Web-1-727x1024-1-300x423.jpg 300w, http:\/\/ayitimizik.net\/wp-content\/uploads\/2021\/10\/Affiche-CSF16-Web-1-727x1024-1-213x300.jpg 213w\" sizes=\"(max-width: 727px) 100vw, 727px\" \/><\/figure><\/li><\/ul><\/figure>\n\n\n\n<p>Chaque ann\u00e9e, CSF propose un concours international d\u2019\u00e9criture de chansons en fran\u00e7ais dans 130 pays \u00e0 travers le monde, autour des droits de l\u2019homme et de la libert\u00e9 d\u2019expression.<\/p>\n\n\n\n<p>\u00c0 chaque \u00e9dition, un th\u00e8me nouveau est choisi. Le sujet abord\u00e9 en 2021 est : \u00ab Un monde inattendu \u00bb.<\/p>\n\n\n\n<p><strong>Comment \u00e9crire une chanson ?<\/strong><\/p>\n\n\n\n<p>Ces conseils vous aideront dans la composition de votre chanson :<\/p>\n\n\n\n<ul><li>Prenez en compte le th\u00e8me du concours, sans aucune obligation d\u2019utiliser le ou les mots du th\u00e8me, mais en respectant la proposition, l\u2019id\u00e9e du th\u00e8me.<\/li><li>Respectez la forme d\u2019une chanson (pas de textes de slam ou de rap). Les couplets peuvent \u00eatre irr\u00e9guliers, plus ou moins nombreux. Le refrain est important dans une chanson, ne l\u2019oubliez pas !<\/li><li>Essayez de garder une forme similaire entre chaque couplet avec le m\u00eame nombre de vers ou de syllabes si possible.<\/li><li>Pensez que votre texte est un texte de chanson, qu\u2019il est \u00e9crit pour \u00eatre chant\u00e9, mis en musique, essayez de sentir la musicalit\u00e9 des mots et le rythme du texte en l\u2019\u00e9crivant.<\/li><li>Parlez de ce qui vous tient \u00e0 c\u0153ur, de ce qui vous touche et que vous souhaitez partager, partez de votre exp\u00e9rience, de vos ressentis\u202f; &nbsp; la libert\u00e9 d\u2019expression, c\u2019est aussi cela.<\/li><li>Donnez un titre \u00e0 votre chanson. Le titre est l\u2019identit\u00e9 de votre chanson, il&nbsp; la r\u00e9sume ou la pr\u00e9sente, fait partie de son originalit\u00e9, il est important.<\/li><\/ul>\n\n\n\n<p><strong>Modalit\u00e9s de participation<\/strong><\/p>\n\n\n\n<p>Les textes sont d\u00e9pos\u00e9s via un formulaire accessible\u00a0<a rel=\"noreferrer noopener\" href=\"https:\/\/www.chansons-sans-frontieres.fr\/le-concours\/inscription-csf\" target=\"_blank\">ici<\/a>. Apr\u00e8s soumission, un message automatique de CSF vous sera envoy\u00e9 pour confirmer votre inscription.<\/p>\n\n\n\n<p><strong>Le concours offre 3 possibilit\u00e9s de participation :<\/strong><\/p>\n\n\n\n<ul><li>1er et 2e prix : vous participez \u00e0 cette cat\u00e9gorie si vous avez plus de 20 ans et que le fran\u00e7ais n&rsquo;est pas votre langue maternelle.<\/li><li>Prix jeune public : cette cat\u00e9gorie est ouverte aux moins de 20.<\/li><li>Prix fran\u00e7ais langue maternelle : si vous avez plus de vingt ans et qu&rsquo;au moins un de vos parents a le fran\u00e7ais comme langue maternelle, vous concourez dans cette cat\u00e9gorie.<\/li><\/ul>\n\n\n\n<p>NB : Le concours n\u2019est pas ouvert aux personnes r\u00e9sidant en France. La date limite d&rsquo;inscription est fix\u00e9e au&nbsp;<strong>12 d\u00e9cembre 2021<\/strong>.<\/p>\n\n\n\n<p><strong>Les r\u00e9compenses<\/strong><\/p>\n\n\n\n<ul><li>1er prix : le concours offre au laur\u00e9at un s\u00e9jour d\u2019une semaine en France tous frais pay\u00e9s, inclus les transports internationaux et nationaux, les frais de visas, l\u2019h\u00e9bergement et les repas, l\u2019organisation de visites.<\/li><li>2e prix&nbsp; : une enveloppe de 500 euros sera remise au laur\u00e9at.<\/li><li>Le gagnant du prix jeune public repartira avec la somme de 300 euros.<\/li><li>Le laur\u00e9at du prix fran\u00e7ais langue maternelle empochera la somme de 150 euros.<\/li><\/ul>\n\n\n\n<p><em>Pour plus d&rsquo;informations, veuillez consulter le site officiel du concours\u00a0<a rel=\"noreferrer noopener\" href=\"https:\/\/www.chansons-sans-frontieres.fr\/le-concours\/informations\" target=\"_blank\">ici<\/a><\/em>.<\/p>\n\n\n\n<p>source : <a href=\"https:\/\/www.musicinafrica.net\/fr\/magazine\/appel-candidatures-chansons-sans-frontieres-2021\" target=\"_blank\" rel=\"noreferrer noopener\">MusicinAfrica<\/a><\/p>\n","protected":false},"excerpt":{"rendered":"<p>Chaque ann\u00e9e, CSF propose un concours international d\u2019\u00e9criture de chansons en fran\u00e7ais dans 130 pays \u00e0 travers le monde, autour des droits de l\u2019homme et de la libert\u00e9 d\u2019expression. \u00c0 chaque \u00e9dition, un th\u00e8me nouveau est choisi. Le sujet abord\u00e9 &hellip; <a href=\"http:\/\/ayitimizik.net\/index.php\/2021\/10\/09\/appel-a-candidatures-chansons-sans-frontieres-2021\/\">Continuer la lecture <span class=\"meta-nav\">&rarr;<\/span><\/a><\/p>\n","protected":false},"author":3,"featured_media":0,"comment_status":"closed","ping_status":"closed","sticky":false,"template":"","format":"standard","meta":[],"categories":[6,16],"tags":[],"_links":{"self":[{"href":"http:\/\/ayitimizik.net\/index.php\/wp-json\/wp\/v2\/posts\/1898"}],"collection":[{"href":"http:\/\/ayitimizik.net\/index.php\/wp-json\/wp\/v2\/posts"}],"about":[{"href":"http:\/\/ayitimizik.net\/index.php\/wp-json\/wp\/v2\/types\/post"}],"author":[{"embeddable":true,"href":"http:\/\/ayitimizik.net\/index.php\/wp-json\/wp\/v2\/users\/3"}],"replies":[{"embeddable":true,"href":"http:\/\/ayitimizik.net\/index.php\/wp-json\/wp\/v2\/comments?post=1898"}],"version-history":[{"count":1,"href":"http:\/\/ayitimizik.net\/index.php\/wp-json\/wp\/v2\/posts\/1898\/revisions"}],"predecessor-version":[{"id":1900,"href":"http:\/\/ayitimizik.net\/index.php\/wp-json\/wp\/v2\/posts\/1898\/revisions\/1900"}],"wp:attachment":[{"href":"http:\/\/ayitimizik.net\/index.php\/wp-json\/wp\/v2\/media?parent=1898"}],"wp:term":[{"taxonomy":"category","embeddable":true,"href":"http:\/\/ayitimizik.net\/index.php\/wp-json\/wp\/v2\/categories?post=1898"},{"taxonomy":"post_tag","embeddable":true,"href":"http:\/\/ayitimizik.net\/index.php\/wp-json\/wp\/v2\/tags?post=1898"}],"curies":[{"name":"wp","href":"https:\/\/api.w.org\/{rel}","templated":true}]}}