{"id":1896,"date":"2021-10-06T02:26:15","date_gmt":"2021-10-06T00:26:15","guid":{"rendered":"http:\/\/ayitimizik.net\/?p=1896"},"modified":"2021-10-06T02:26:17","modified_gmt":"2021-10-06T00:26:17","slug":"appel-a-candidatures-residence-trame-pour-artistes-francophones-2022","status":"publish","type":"post","link":"http:\/\/ayitimizik.net\/index.php\/2021\/10\/06\/appel-a-candidatures-residence-trame-pour-artistes-francophones-2022\/","title":{"rendered":"APPEL \u00c0 CANDIDATURES : R\u00e9sidence TRAME pour artistes francophones 2022"},"content":{"rendered":"\n<figure class=\"wp-block-image size-full\"><img loading=\"lazy\" width=\"310\" height=\"163\" src=\"http:\/\/ayitimizik.net\/wp-content\/uploads\/2021\/03\/trame2021.png\" alt=\"\" class=\"wp-image-1796\"\/><\/figure>\n\n\n\n<p>TRAME&nbsp;est un programme de r\u00e9sidences \u00e0 destination d\u2019artistes francophones du monde qui souhaitent d\u00e9velopper un projet de recherche et de cr\u00e9ation dans toutes les disciplines \u00e0 Paris, pendant une dur\u00e9e de trois mois. Chaque ann\u00e9e, dix laur\u00e9ats sont s\u00e9lectionn\u00e9s.<br>&nbsp;<br>Ce programme de r\u00e9sidences propose un accompagnement sur mesure, des rencontres mensuelles et des entretiens individuels avec des artistes et des professionnels de la culture. Il s\u2019ancre \u00e9galement au coeur de la vie, des activit\u00e9s et des r\u00e9seaux de la Cit\u00e9 internationale des arts et de ses 325 r\u00e9sidents de toutes disciplines, de toutes g\u00e9n\u00e9rations et de toutes les nationalit\u00e9s.<\/p>\n\n\n\n<p>Le programme&nbsp;TRAME&nbsp;s\u2019inscrit dans les nouvelles actions men\u00e9es depuis 2019 par la Cit\u00e9 internationale des arts, d\u00e9sign\u00e9e p\u00f4le de r\u00e9f\u00e9rence de la cr\u00e9ation francophone par le Minist\u00e8re de la Culture aux c\u00f4t\u00e9s de La Chartreuse de Villeneuve-l\u00e8s-Avignon \u2013 Centre national des \u00e9critures du spectacle et Les Francophonies \u2013 Des \u00e9critures \u00e0 la sc\u00e8ne \u00e0 Limoges.<br>Il b\u00e9n\u00e9ficie du soutien du Minist\u00e8re de la Culture.<\/p>\n\n\n\n<p>TRAME&nbsp;est un programme de r\u00e9sidences qui s\u2019adresse \u00e0 des artistes de toutes nationalit\u00e9s, dont les artistes fran\u00e7ais. Il est ouvert \u00e0 toutes les disciplines artistiques, sans limite d\u2019\u00e2ge.<\/p>\n\n\n\n<p>Le programme comprend :<\/p>\n\n\n\n<ul><li>Un accompagnement individuel au projet ;<\/li><li>Des sessions collectives d\u2019\u00e9changes et de rencontres avec des professionnels ;<\/li><li>Un atelier-logement sur le site du Marais de la Cit\u00e9 internationale des arts ;<\/li><li>Une bourse de 800 euros par mois ;<\/li><li><strong>Le transport aller-retour \u00e0 destination de Paris (sous r\u00e9serve du respect d\u2019un certain plafond).<\/strong><\/li><\/ul>\n\n\n\n<p>&nbsp;<br>Les r\u00e9sidents sont accueillis dans des ateliers-logements comportant un espace meubl\u00e9 de travail et de vie et disposant du wifi.<\/p>\n\n\n\n<p>Les laur\u00e9ats, r\u00e9unis autour d\u2019une francophonie commune, b\u00e9n\u00e9ficieront d\u2019un accompagnement sur mesure dispens\u00e9 par la Cit\u00e9 internationale des arts et son r\u00e9seau de partenaires, en phase avec l\u2019actualit\u00e9 de la cr\u00e9ation contemporaine.<\/p>\n\n\n\n<p>Date limite:\u00a011 November 2021<\/p>\n\n\n\n<p>Information et inscription <a href=\"https:\/\/www.citedesartsparis.net\/fr\/trame-2022-appel-a-candidatures\" target=\"_blank\" rel=\"noreferrer noopener\">ici<\/a><\/p>\n","protected":false},"excerpt":{"rendered":"<p>TRAME&nbsp;est un programme de r\u00e9sidences \u00e0 destination d\u2019artistes francophones du monde qui souhaitent d\u00e9velopper un projet de recherche et de cr\u00e9ation dans toutes les disciplines \u00e0 Paris, pendant une dur\u00e9e de trois mois. Chaque ann\u00e9e, dix laur\u00e9ats sont s\u00e9lectionn\u00e9s.&nbsp;Ce programme &hellip; <a href=\"http:\/\/ayitimizik.net\/index.php\/2021\/10\/06\/appel-a-candidatures-residence-trame-pour-artistes-francophones-2022\/\">Continuer la lecture <span class=\"meta-nav\">&rarr;<\/span><\/a><\/p>\n","protected":false},"author":3,"featured_media":0,"comment_status":"closed","ping_status":"closed","sticky":false,"template":"","format":"standard","meta":[],"categories":[6,16,17],"tags":[],"_links":{"self":[{"href":"http:\/\/ayitimizik.net\/index.php\/wp-json\/wp\/v2\/posts\/1896"}],"collection":[{"href":"http:\/\/ayitimizik.net\/index.php\/wp-json\/wp\/v2\/posts"}],"about":[{"href":"http:\/\/ayitimizik.net\/index.php\/wp-json\/wp\/v2\/types\/post"}],"author":[{"embeddable":true,"href":"http:\/\/ayitimizik.net\/index.php\/wp-json\/wp\/v2\/users\/3"}],"replies":[{"embeddable":true,"href":"http:\/\/ayitimizik.net\/index.php\/wp-json\/wp\/v2\/comments?post=1896"}],"version-history":[{"count":1,"href":"http:\/\/ayitimizik.net\/index.php\/wp-json\/wp\/v2\/posts\/1896\/revisions"}],"predecessor-version":[{"id":1897,"href":"http:\/\/ayitimizik.net\/index.php\/wp-json\/wp\/v2\/posts\/1896\/revisions\/1897"}],"wp:attachment":[{"href":"http:\/\/ayitimizik.net\/index.php\/wp-json\/wp\/v2\/media?parent=1896"}],"wp:term":[{"taxonomy":"category","embeddable":true,"href":"http:\/\/ayitimizik.net\/index.php\/wp-json\/wp\/v2\/categories?post=1896"},{"taxonomy":"post_tag","embeddable":true,"href":"http:\/\/ayitimizik.net\/index.php\/wp-json\/wp\/v2\/tags?post=1896"}],"curies":[{"name":"wp","href":"https:\/\/api.w.org\/{rel}","templated":true}]}}