{"id":1892,"date":"2021-09-17T14:46:55","date_gmt":"2021-09-17T12:46:55","guid":{"rendered":"http:\/\/ayitimizik.net\/?p=1892"},"modified":"2021-09-17T14:46:55","modified_gmt":"2021-09-17T12:46:55","slug":"appel-a-candidatures-residence-a-la-cite-internationale-des-arts-2022","status":"publish","type":"post","link":"http:\/\/ayitimizik.net\/index.php\/2021\/09\/17\/appel-a-candidatures-residence-a-la-cite-internationale-des-arts-2022\/","title":{"rendered":"APPEL \u00c0 CANDIDATURES : R\u00e9sidence \u00e0 la Cit\u00e9 internationale des Arts 2022"},"content":{"rendered":"\n<ul class=\"wp-block-gallery columns-1 is-cropped\"><li class=\"blocks-gallery-item\"><figure><img loading=\"lazy\" width=\"301\" height=\"140\" src=\"http:\/\/ayitimizik.net\/wp-content\/uploads\/2019\/07\/Institut-cit\u00e9desarts.jpg\" alt=\"\" data-id=\"1403\" data-link=\"http:\/\/ayitimizik.net\/index.php\/2019\/07\/04\/appel-a-candidatures-institut-francais-cite-internationale-des-arts-programme-de-residences-2020\/institut-citedesarts\/\" class=\"wp-image-1403\"\/><\/figure><\/li><\/ul>\n\n\n\n<p>Le programme de r\u00e9sidences \u00e0 la Cit\u00e9 internationale des arts s\u2019adresse aux artistes internationaux, r\u00e9sidant exclusivement \u00e0 l\u2019\u00e9tranger, qui souhaitent d\u00e9velopper un projet de recherche et de cr\u00e9ation \u00e0 Paris, pendant une dur\u00e9e de trois ou six mois.Appel \u00e0 candidature ouvert jusqu&rsquo;au\u00a0<em>15\/11\/2021<\/em><\/p>\n\n\n\n<p><a href=\"https:\/\/www.institutfrancais.com\/sites\/default\/files\/medias\/documents\/cgu_residenses_if_cite_internationale_des_arts_2022.pdf\"><strong>VOIR LES MODALIT\u00c9S D\u00c9TAILL\u00c9ES<\/strong><\/a><\/p>\n\n\n\n<p><strong><em>Ce programme se d\u00e9roulera dans la plus grande vigilance vis-\u00e0-vis de la situation sanitaire. La tenue des s\u00e9jours reste soumise aux conditions et aux consignes sanitaires \u00e0 date du d\u00e9but de la r\u00e9sidence.<\/em><\/strong><\/p>\n\n\n\n<p><strong>CALENDRIER<\/strong><\/p>\n\n\n\n<p>Date limite d\u2019enregistrement des dossiers&nbsp;: 15 novembre 2021,&nbsp;inclus<\/p>\n\n\n\n<p>Commission de s\u00e9lection&nbsp;: Janvier 2022&nbsp;<\/p>\n\n\n\n<p>Annonce des laur\u00e9ats&nbsp;: F\u00e9vrier 2022<\/p>\n\n\n\n<p>P\u00e9riodes des r\u00e9sidences&nbsp;: Avril 2022 \u2013 avril 2023&nbsp;<em>(<\/em><em>sous r\u00e9serve des conditions et des consignes sanitaires \u00e0 date du d\u00e9but de la r\u00e9sidence)<\/em><\/p>\n\n\n\n<p><strong>D\u00c9P\u00d4T DE DOSSIER&nbsp;<\/strong><\/p>\n\n\n\n<p>Les candidatures d\u00e9pos\u00e9es directement par des artistes seront irrecevables.&nbsp;Elles doivent obligatoirement \u00eatre d\u00e9pos\u00e9es par les partenaires associ\u00e9s&nbsp;sur la&nbsp;<a href=\"http:\/\/ifprog.institutfrancais.com\/fr\/ddp\/show\/289\/Appel-a-candidatures-Cite-internationale-des-arts---Paris-2020\">plateforme IF Prog<\/a>.<\/p>\n\n\n\n<p><strong>CONTACT<\/strong><\/p>\n\n\n\n<p><a href=\"mailto:mathilde.lajarrige@institutfrancais.com\">Mathilde Lajarrige<\/a>, charg\u00e9e de projet \/ P\u00f4le R\u00e9sidences&nbsp;<\/p>\n\n\n\n<p>Les candidats doivent obligatoirement \u00eatre soutenus par un ou plusieurs partenaires culturels. Ce sont les partenaires associ\u00e9s \u00e0 l\u2019artiste qui effectuent la d\u00e9marche de d\u00e9p\u00f4t de la candidature.&nbsp;<\/p>\n\n\n\n<p>Ces partenaires associ\u00e9s \u00e0 l\u2019artiste peuvent \u00eatre des \u00e9tablissements du r\u00e9seau culturel fran\u00e7ais \u00e0 l\u2019\u00e9tranger (Instituts fran\u00e7ais, Services culturels des ambassades de France, Alliances fran\u00e7aises) et\/ou des structures culturelles fran\u00e7aises ou \u00e9trang\u00e8res (centre d\u2019art, association, laboratoire pluridisciplinaire, galerie, mus\u00e9e, structure conventionn\u00e9e, th\u00e9\u00e2tre, lieu de production pour la danse et pour les arts de la rue, salle de concert, festival \u00e0 l\u2019\u00e9tranger, etc. En France, une priorit\u00e9 sera donn\u00e9e aux candidatures port\u00e9es par les labels et r\u00e9seaux du Minist\u00e8re de la Culture).&nbsp;<\/p>\n\n\n\n<h3>DISCIPLINES CONCERN\u00c9ES&nbsp;<\/h3>\n\n\n\n<p>Les artistes peuvent pr\u00e9senter un projet de recherche sur un sujet\/une th\u00e9matique de leur choix, s\u2019inscrivant dans les disciplines suivantes :&nbsp;<\/p>\n\n\n\n<ul><li>Architecture\/paysage\/urbanisme<\/li><li>arts visuels<\/li><li>arts de la rue\/cirque\/marionnettes<\/li><li>bande dessin\u00e9e<\/li><li>cin\u00e9ma (fiction, animation, documentaire de cr\u00e9ation)<\/li><li>commissariat d\u2019exposition\/critique d\u2019art<\/li><li>cr\u00e9ation num\u00e9rique (arts num\u00e9riques, jeu vid\u00e9o, VR)<\/li><li>danse<\/li><li>design\/graphisme<\/li><li>litt\u00e9rature (fiction, essai, jeunesse)<\/li><li>m\u00e9tiers d\u2019art<\/li><li>mode<\/li><li>musiques (actuelles, jazz, classiques, contemporaines, \u00e0 l\u2019image)<\/li><li>photographie<\/li><li>projets pluridisciplinaires<\/li><li>th\u00e9\u00e2tre<\/li><\/ul>\n\n\n\n<h3>CONDITIONS DU S\u00c9JOUR<\/h3>\n\n\n\n<p>L\u2019Institut fran\u00e7ais propose des r\u00e9sidences individuelles et finance la prestation de logement des ateliers-logements, d\u2019une surface de 40m2 environ, \u00e0 la Cit\u00e9 internationale des arts, sur le site du Marais, \u00e0 Paris.&nbsp;<\/p>\n\n\n\n<p>Le(s) partenaire(s) associ\u00e9(s) \u00e0 l\u2019artiste, en France ou \u00e0 l\u2019\u00e9tranger, finance le voyage, l\u2019allocation de s\u00e9jour (\u00e0 hauteur de 700 \u20ac par mois minimum) et les frais de s\u00e9jour (visa, assurance\u2026) et effectue la d\u00e9marche de d\u00e9p\u00f4t de candidature de l\u2019artiste.<\/p>\n\n\n\n<p>Aucune allocation de production ne sera vers\u00e9e par l\u2019Institut fran\u00e7ais ou la Cit\u00e9 internationale des arts.<\/p>\n\n\n\n<h3><strong>DUREE DU S\u00c9JOUR<\/strong><\/h3>\n\n\n\n<p>3 ou 6 mois<\/p>\n\n\n\n<p>Consultez l&rsquo;appel original <a href=\"https:\/\/www.pro.institutfrancais.com\/fr\/offre\/residences-a-la-cite-internationale-des-arts\" target=\"_blank\" rel=\"noreferrer noopener\" aria-label=\"ici (s\u2019ouvre dans un nouvel onglet)\">ici<\/a><\/p>\n","protected":false},"excerpt":{"rendered":"<p>Le programme de r\u00e9sidences \u00e0 la Cit\u00e9 internationale des arts s\u2019adresse aux artistes internationaux, r\u00e9sidant exclusivement \u00e0 l\u2019\u00e9tranger, qui souhaitent d\u00e9velopper un projet de recherche et de cr\u00e9ation \u00e0 Paris, pendant une dur\u00e9e de trois ou six mois.Appel \u00e0 candidature &hellip; <a href=\"http:\/\/ayitimizik.net\/index.php\/2021\/09\/17\/appel-a-candidatures-residence-a-la-cite-internationale-des-arts-2022\/\">Continuer la lecture <span class=\"meta-nav\">&rarr;<\/span><\/a><\/p>\n","protected":false},"author":3,"featured_media":0,"comment_status":"closed","ping_status":"closed","sticky":false,"template":"","format":"standard","meta":[],"categories":[6,16],"tags":[],"_links":{"self":[{"href":"http:\/\/ayitimizik.net\/index.php\/wp-json\/wp\/v2\/posts\/1892"}],"collection":[{"href":"http:\/\/ayitimizik.net\/index.php\/wp-json\/wp\/v2\/posts"}],"about":[{"href":"http:\/\/ayitimizik.net\/index.php\/wp-json\/wp\/v2\/types\/post"}],"author":[{"embeddable":true,"href":"http:\/\/ayitimizik.net\/index.php\/wp-json\/wp\/v2\/users\/3"}],"replies":[{"embeddable":true,"href":"http:\/\/ayitimizik.net\/index.php\/wp-json\/wp\/v2\/comments?post=1892"}],"version-history":[{"count":1,"href":"http:\/\/ayitimizik.net\/index.php\/wp-json\/wp\/v2\/posts\/1892\/revisions"}],"predecessor-version":[{"id":1893,"href":"http:\/\/ayitimizik.net\/index.php\/wp-json\/wp\/v2\/posts\/1892\/revisions\/1893"}],"wp:attachment":[{"href":"http:\/\/ayitimizik.net\/index.php\/wp-json\/wp\/v2\/media?parent=1892"}],"wp:term":[{"taxonomy":"category","embeddable":true,"href":"http:\/\/ayitimizik.net\/index.php\/wp-json\/wp\/v2\/categories?post=1892"},{"taxonomy":"post_tag","embeddable":true,"href":"http:\/\/ayitimizik.net\/index.php\/wp-json\/wp\/v2\/tags?post=1892"}],"curies":[{"name":"wp","href":"https:\/\/api.w.org\/{rel}","templated":true}]}}