{"id":1890,"date":"2021-09-17T14:38:21","date_gmt":"2021-09-17T12:38:21","guid":{"rendered":"http:\/\/ayitimizik.net\/?p=1890"},"modified":"2021-09-17T14:38:21","modified_gmt":"2021-09-17T12:38:21","slug":"appel-a-candidatures-residences-camargo-en-france-2022","status":"publish","type":"post","link":"http:\/\/ayitimizik.net\/index.php\/2021\/09\/17\/appel-a-candidatures-residences-camargo-en-france-2022\/","title":{"rendered":"APPEL \u00c0 CANDIDATURES : R\u00e9sidences Camargo en France 2022"},"content":{"rendered":"\n<figure class=\"wp-block-image\"><img loading=\"lazy\" width=\"800\" height=\"450\" src=\"http:\/\/ayitimizik.net\/wp-content\/uploads\/2019\/07\/Camargofoundation.jpg\" alt=\"\" class=\"wp-image-1417\" srcset=\"http:\/\/ayitimizik.net\/wp-content\/uploads\/2019\/07\/Camargofoundation.jpg 800w, http:\/\/ayitimizik.net\/wp-content\/uploads\/2019\/07\/Camargofoundation-752x423.jpg 752w, http:\/\/ayitimizik.net\/wp-content\/uploads\/2019\/07\/Camargofoundation-768x432.jpg 768w, http:\/\/ayitimizik.net\/wp-content\/uploads\/2019\/07\/Camargofoundation-500x281.jpg 500w\" sizes=\"(max-width: 800px) 100vw, 800px\" \/><\/figure>\n\n\n\n<p>La Fondation Camargo, centre de r\u00e9flexion et de cr\u00e9ation proposant des programmes dans les domaines des sciences humaines et des arts, accepte les candidatures pour ses r\u00e9sidences \u00e0 Cassis (France) en 2022 et 2023.<\/p>\n\n\n\n<p>Lanc\u00e9 en 1971, le programme annuel attribue des r\u00e9sidences \u00e0 18 personnes dans le cadre de sa mission consistant \u00e0 soutenir des recherches novatrices, des exp\u00e9rimentations et des approches interdisciplinaires.<\/p>\n\n\n\n<p>Au cours des six \u00e0 dix semaines de r\u00e9sidence, les participants prennent part \u00e0 des discussions r\u00e9guli\u00e8res pour encourager les \u00e9changes interdisciplinaires.<\/p>\n\n\n\n<p>La date limite de candidature est fix\u00e9e au&nbsp;<strong>1er octobre 2021<\/strong>.<\/p>\n\n\n\n<p><strong>Crit\u00e8res d&rsquo;\u00e9ligibilit\u00e9<\/strong><\/p>\n\n\n\n<p>Les r\u00e9sidences sont ouvertes aux candidats du monde entier quelles que soient leurs nationalit\u00e9s. Les&nbsp; personnes int\u00e9ress\u00e9es peuvent postuler dans plusieurs cat\u00e9gories, notamment :<\/p>\n\n\n\n<p><strong>Artistes<\/strong><\/p>\n\n\n\n<p>Le programme de r\u00e9sidences accepte les candidatures d&rsquo;artistes ayant un projet pertinent et mature.<\/p>\n\n\n\n<p>Les participants peuvent \u00eatre des artistes engag\u00e9s dans des projets ax\u00e9s sur la pens\u00e9e critique et la recherche. Ils peuvent postuler dans les sous-cat\u00e9gories suivantes :<\/p>\n\n\n\n<ul><li>Art sonore.<\/li><li>Composition.<\/li><li>Arts visuels<\/li><li>Arts de la sc\u00e8ne.<\/li><li>Chor\u00e9graphie.<\/li><li>\u00c9criture.<\/li><\/ul>\n\n\n\n<p><strong>Chercheurs<\/strong><\/p>\n\n\n\n<p>Les chercheurs qui veulent postuler doivent \u00eatre connect\u00e9s aux arts et aux sciences humaines traitant des cultures fran\u00e7aises et francophones, ou \u00e0 des \u00e9tudes interculturelles qui engagent les cultures et influences de la r\u00e9gion m\u00e9diterran\u00e9enne. Pour \u00eatre \u00e9ligible, le candidat doit \u00eatre soit un titulaire d&rsquo;un doctorat, un b\u00e9n\u00e9ficiaire d&rsquo;une bourse postdoctorale, sinon un candidat au doctorat dans les phases finales de sa recherche.<\/p>\n\n\n\n<p><strong>Penseurs<\/strong><\/p>\n\n\n\n<p>Les penseurs doivent \u00eatre des professionnels et des praticiens confirm\u00e9s dans les domaines de la culture et de la cr\u00e9ation (conservateurs, journalistes, critiques, urbanistes, universitaires ind\u00e9pendants, etc.) et \u00eatre professionnellement engag\u00e9s dans la pens\u00e9e critique.<\/p>\n\n\n\n<p>La Fondation s&rsquo;int\u00e9resse au travail adapt\u00e9 au monde universitaire, aux arts et \u00e0 la soci\u00e9t\u00e9.<\/p>\n\n\n\n<p><strong>P\u00e9riodes de r\u00e9sidence<\/strong><\/p>\n\n\n\n<p>Les dates pour le programme 2022-2023 de Camargo sont les suivantes :<\/p>\n\n\n\n<ul><li>Huit semaines du 8 septembre au 3 novembre 2022.<\/li><li>Six semaines du 15 f\u00e9vrier au 29 mars 2023.<\/li><li>Huit semaines du 15 f\u00e9vrier au 12 avril 2023.<\/li><li>Onze semaines du 15 f\u00e9vrier au 3 mai 2023.<\/li><\/ul>\n\n\n\n<p><strong>Bourse<\/strong><\/p>\n\n\n\n<p>La Fondation Camargo fournira aux 18 laur\u00e9ats, une indemnit\u00e9 hebdomadaire de 250 euros (environ 300 dollars am\u00e9ricains), transport aller-retour compris.<\/p>\n\n\n\n<p><strong>Comment postuler ?<\/strong><\/p>\n\n\n\n<p>Pour postuler au programme principal de la Fondation Camargo, les demandeurs devront au pr\u00e9alable lire l&rsquo;int\u00e9gralit\u00e9 du\u00a0<a rel=\"noreferrer noopener\" href=\"https:\/\/camargofoundation.org\/fileadmin\/user_upload\/Programs\/Cultural_Diaspora\/2022\/Guidelines_Camargo_Core_Program_2022-2023.pdf\" target=\"_blank\">r\u00e8glement<\/a>\u00a0avant de soumettre leur candidature via un formulaire\u00a0<a rel=\"noreferrer noopener\" href=\"https:\/\/camargofoundation.submittable.com\/submit\" target=\"_blank\">ici<\/a>.<\/p>\n\n\n\n<p>Pour plus d&rsquo;informations, consulter le\u00a0<a rel=\"noreferrer noopener\" href=\"https:\/\/camargofoundation.org\/fr\/programmes\/programme-principal\/\" target=\"_blank\">site officiel<\/a>\u00a0de la Fondation Camargo.<\/p>\n\n\n\n<p><em>Vous pouvez voir l&rsquo;appel original\u00a0<a rel=\"noreferrer noopener\" href=\"https:\/\/camargofoundation.org\/fr\/programmes\/programme-principal\/\" target=\"_blank\">ici<\/a><\/em><\/p>\n\n\n\n<p>Source: <a href=\"https:\/\/www.musicinafrica.net\/fr\/magazine\/appel-candidatures-residences-camargo-2022-en-france\" target=\"_blank\" rel=\"noreferrer noopener\" aria-label=\"MusicinAfrica (s\u2019ouvre dans un nouvel onglet)\">MusicinAfrica<\/a><\/p>\n","protected":false},"excerpt":{"rendered":"<p>La Fondation Camargo, centre de r\u00e9flexion et de cr\u00e9ation proposant des programmes dans les domaines des sciences humaines et des arts, accepte les candidatures pour ses r\u00e9sidences \u00e0 Cassis (France) en 2022 et 2023. Lanc\u00e9 en 1971, le programme annuel &hellip; <a href=\"http:\/\/ayitimizik.net\/index.php\/2021\/09\/17\/appel-a-candidatures-residences-camargo-en-france-2022\/\">Continuer la lecture <span class=\"meta-nav\">&rarr;<\/span><\/a><\/p>\n","protected":false},"author":3,"featured_media":0,"comment_status":"closed","ping_status":"closed","sticky":false,"template":"","format":"standard","meta":[],"categories":[6,16],"tags":[],"_links":{"self":[{"href":"http:\/\/ayitimizik.net\/index.php\/wp-json\/wp\/v2\/posts\/1890"}],"collection":[{"href":"http:\/\/ayitimizik.net\/index.php\/wp-json\/wp\/v2\/posts"}],"about":[{"href":"http:\/\/ayitimizik.net\/index.php\/wp-json\/wp\/v2\/types\/post"}],"author":[{"embeddable":true,"href":"http:\/\/ayitimizik.net\/index.php\/wp-json\/wp\/v2\/users\/3"}],"replies":[{"embeddable":true,"href":"http:\/\/ayitimizik.net\/index.php\/wp-json\/wp\/v2\/comments?post=1890"}],"version-history":[{"count":1,"href":"http:\/\/ayitimizik.net\/index.php\/wp-json\/wp\/v2\/posts\/1890\/revisions"}],"predecessor-version":[{"id":1891,"href":"http:\/\/ayitimizik.net\/index.php\/wp-json\/wp\/v2\/posts\/1890\/revisions\/1891"}],"wp:attachment":[{"href":"http:\/\/ayitimizik.net\/index.php\/wp-json\/wp\/v2\/media?parent=1890"}],"wp:term":[{"taxonomy":"category","embeddable":true,"href":"http:\/\/ayitimizik.net\/index.php\/wp-json\/wp\/v2\/categories?post=1890"},{"taxonomy":"post_tag","embeddable":true,"href":"http:\/\/ayitimizik.net\/index.php\/wp-json\/wp\/v2\/tags?post=1890"}],"curies":[{"name":"wp","href":"https:\/\/api.w.org\/{rel}","templated":true}]}}