{"id":1881,"date":"2021-07-31T14:37:38","date_gmt":"2021-07-31T12:37:38","guid":{"rendered":"http:\/\/ayitimizik.net\/?p=1881"},"modified":"2021-07-31T14:37:38","modified_gmt":"2021-07-31T12:37:38","slug":"appel-a-candidatures-fonds-de-mobilite-caraibes-de-linstitut-francais-2021","status":"publish","type":"post","link":"http:\/\/ayitimizik.net\/index.php\/2021\/07\/31\/appel-a-candidatures-fonds-de-mobilite-caraibes-de-linstitut-francais-2021\/","title":{"rendered":"APPEL \u00c0 CANDIDATURES : Fonds de mobilit\u00e9 Cara\u00efbes de l&rsquo;Institut Fran\u00e7ais 2021"},"content":{"rendered":"\n<figure class=\"wp-block-image\"><img loading=\"lazy\" width=\"700\" height=\"350\" src=\"http:\/\/ayitimizik.net\/wp-content\/uploads\/2019\/11\/institut-francais-logo-1.jpg\" alt=\"\" class=\"wp-image-1465\" srcset=\"http:\/\/ayitimizik.net\/wp-content\/uploads\/2019\/11\/institut-francais-logo-1.jpg 700w, http:\/\/ayitimizik.net\/wp-content\/uploads\/2019\/11\/institut-francais-logo-1-500x250.jpg 500w\" sizes=\"(max-width: 700px) 100vw, 700px\" \/><\/figure>\n\n\n\n<p>Le Fonds de mobilit\u00e9 Cara\u00efbes est un programme de la mission de coop\u00e9ration culturelle Afrique et Cara\u00efbes de l\u2019Institut fran\u00e7ais avec le soutien des Directions des Affaires Culturelles de la Guadeloupe, de la Martinique et de la Direction Culture, Jeunesse et Sports de la Guyane.<br><br>Ce programme soutient la mobilit\u00e9 \u00e0 l\u2019int\u00e9rieur de la zone Cara\u00efbes (pays membres de l\u2019AEC* et&nbsp;DFA**) et en direction des \u00c9tats-Unis ainsi que du Canada. Les b\u00e9n\u00e9ficiaires disposeront d\u2019une prise en charge de leur billet d\u2019avion \u00e0&nbsp;<strong>hauteur de 1 500\u20ac et d\u2019une assurance rapatriement.<\/strong><\/p>\n\n\n\n<p>Seront soutenus en priorit\u00e9 les mobilit\u00e9s pour : la participation \u00e0 des \u00e9v\u00e9nements prescripteurs, les formations, le d\u00e9veloppement de march\u00e9s, la participation de professionnels \u00e0 des r\u00e9seaux transnationaux, les temps de recherche et de collaboration artistique, les invitations \u00e0 des d\u00e9bats, des conf\u00e9rences ou des s\u00e9minaires, les r\u00e9sidences de cr\u00e9ation crois\u00e9es.<\/p>\n\n\n\n<p>Il est ouvert aux candidats suivants :<\/p>\n\n\n\n<p>Les professionnel.le.s de la culture ou les artistes r\u00e9sidant dans l\u2019un des pays de la Cara\u00efbe ou dans un des d\u00e9partements fran\u00e7ais d\u2019Am\u00e9rique.<\/p>\n\n\n\n<p>Il concerne les disciplines suivantes :<\/p>\n\n\n\n<p>Architecture, paysage, urbanisme, Arts de la rue, Arts visuels, Bande dessin\u00e9e, Cin\u00e9ma, Cirque, Danse, D\u00e9bats d\u2019id\u00e9es, Design, Formations artistiques, Formation aux m\u00e9tiers de la culture, Jeux vid\u00e9o, Livre, Marionnettes, M\u00e9tiers d\u2019art, Mode, Mus\u00e9e&nbsp;&amp;&nbsp;Patrimoine, Musique classique et contemporaine, Musiques actuelles et jazz, Num\u00e9rique, Patrimoine culturel immat\u00e9riel, Photographie, Pluridisciplinaire, Th\u00e9\u00e2tre.&nbsp;<\/p>\n\n\n\n<p><em>&nbsp;*Antigua&nbsp;&amp;&nbsp;Barbuda; Bahamas; Barbade; Belize; Colombie; Costa Rica; Cuba; Dominique; El Salvador; Grenade; Guatemala; Guyane; Ha\u00efti; Honduras; Jama\u00efque; Mexique; Nicaragua; Panama; R\u00e9publique Dominicaine; Saint-Christophe-et-Ni\u00e9v\u00e8s; Sainte-Lucie; Saint-Vincent&nbsp;&amp;&nbsp;Les Grenadines; Suriname; Trinit\u00e9-et-Tobago; Venezuela.<\/em><\/p>\n\n\n\n<p><em>\u00a0**D\u00e9partements fran\u00e7ais d\u2019Am\u00e9rique (Guadeloupe, Martinique, Guyane).<\/em>Deadline:\u00a01 December 2021<\/p>\n\n\n\n<p>Sources : <a href=\"https:\/\/www.pro.institutfrancais.com\/fr\/offre\/fonds-de-mobilite-caraibes\" target=\"_blank\" rel=\"noreferrer noopener\" aria-label=\"Institut Fran\u00e7ais (s\u2019ouvre dans un nouvel onglet)\">Institut Fran\u00e7ais<\/a><\/p>\n","protected":false},"excerpt":{"rendered":"<p>Le Fonds de mobilit\u00e9 Cara\u00efbes est un programme de la mission de coop\u00e9ration culturelle Afrique et Cara\u00efbes de l\u2019Institut fran\u00e7ais avec le soutien des Directions des Affaires Culturelles de la Guadeloupe, de la Martinique et de la Direction Culture, Jeunesse &hellip; <a href=\"http:\/\/ayitimizik.net\/index.php\/2021\/07\/31\/appel-a-candidatures-fonds-de-mobilite-caraibes-de-linstitut-francais-2021\/\">Continuer la lecture <span class=\"meta-nav\">&rarr;<\/span><\/a><\/p>\n","protected":false},"author":3,"featured_media":0,"comment_status":"closed","ping_status":"closed","sticky":false,"template":"","format":"standard","meta":[],"categories":[6,16],"tags":[],"_links":{"self":[{"href":"http:\/\/ayitimizik.net\/index.php\/wp-json\/wp\/v2\/posts\/1881"}],"collection":[{"href":"http:\/\/ayitimizik.net\/index.php\/wp-json\/wp\/v2\/posts"}],"about":[{"href":"http:\/\/ayitimizik.net\/index.php\/wp-json\/wp\/v2\/types\/post"}],"author":[{"embeddable":true,"href":"http:\/\/ayitimizik.net\/index.php\/wp-json\/wp\/v2\/users\/3"}],"replies":[{"embeddable":true,"href":"http:\/\/ayitimizik.net\/index.php\/wp-json\/wp\/v2\/comments?post=1881"}],"version-history":[{"count":1,"href":"http:\/\/ayitimizik.net\/index.php\/wp-json\/wp\/v2\/posts\/1881\/revisions"}],"predecessor-version":[{"id":1882,"href":"http:\/\/ayitimizik.net\/index.php\/wp-json\/wp\/v2\/posts\/1881\/revisions\/1882"}],"wp:attachment":[{"href":"http:\/\/ayitimizik.net\/index.php\/wp-json\/wp\/v2\/media?parent=1881"}],"wp:term":[{"taxonomy":"category","embeddable":true,"href":"http:\/\/ayitimizik.net\/index.php\/wp-json\/wp\/v2\/categories?post=1881"},{"taxonomy":"post_tag","embeddable":true,"href":"http:\/\/ayitimizik.net\/index.php\/wp-json\/wp\/v2\/tags?post=1881"}],"curies":[{"name":"wp","href":"https:\/\/api.w.org\/{rel}","templated":true}]}}