{"id":1861,"date":"2021-06-11T18:20:41","date_gmt":"2021-06-11T16:20:41","guid":{"rendered":"http:\/\/ayitimizik.net\/?p=1861"},"modified":"2021-06-11T18:20:41","modified_gmt":"2021-06-11T16:20:41","slug":"appel-a-candidatures-festival-m-pour-montreal-2021","status":"publish","type":"post","link":"http:\/\/ayitimizik.net\/index.php\/2021\/06\/11\/appel-a-candidatures-festival-m-pour-montreal-2021\/","title":{"rendered":"APPEL \u00c0 CANDIDATURES : Festival M pour Montr\u00e9al 2021"},"content":{"rendered":"\n<figure class=\"wp-block-image\"><img loading=\"lazy\" width=\"1024\" height=\"536\" src=\"http:\/\/ayitimizik.net\/wp-content\/uploads\/2021\/06\/Festival_M_pour_Montreal-1024x536.png\" alt=\"\" class=\"wp-image-1862\" srcset=\"http:\/\/ayitimizik.net\/wp-content\/uploads\/2021\/06\/Festival_M_pour_Montreal-1024x536.png 1024w, http:\/\/ayitimizik.net\/wp-content\/uploads\/2021\/06\/Festival_M_pour_Montreal-808x423.png 808w, http:\/\/ayitimizik.net\/wp-content\/uploads\/2021\/06\/Festival_M_pour_Montreal-768x402.png 768w, http:\/\/ayitimizik.net\/wp-content\/uploads\/2021\/06\/Festival_M_pour_Montreal-500x262.png 500w, http:\/\/ayitimizik.net\/wp-content\/uploads\/2021\/06\/Festival_M_pour_Montreal.png 1200w\" sizes=\"(max-width: 1024px) 100vw, 1024px\" \/><\/figure>\n\n\n\n<h1 id=\"page-title\">Appel \u00e0 candidatures : Festival M pour Montr\u00e9al 2021<\/h1>\n\n\n\n<p>Les candidatures pour le Festival M pour Montr\u00e9al sont d\u00e9sormais ouvertes. Les artistes int\u00e9ress\u00e9s peuvent s\u2019inscrire jusqu\u2019au&nbsp;<strong>4 juillet 2021<\/strong>.<\/p>\n\n\n\n<p>Apr\u00e8s une \u00e9dition virtuelle aux retomb\u00e9es inesp\u00e9r\u00e9es, M pour Montr\u00e9al revient cette ann\u00e9e avec une formule hybride, des concerts et conf\u00e9rences organis\u00e9s surplaces \u00e0 Montr\u00e9al (Canada) et autres \u00e9v\u00e9nements qui seront accessibles virtuellement.<\/p>\n\n\n\n<p>La prochaine \u00e9dition de l\u2019\u00e9v\u00e9nement se tiendra du 16 au 20 novembre 2021, plus de 200 professionnels de l\u2019industrie y sont attendus.<\/p>\n\n\n\n<p><strong>Qui peut s\u2019inscrire ?<\/strong><\/p>\n\n\n\n<p>L\u2019appel est ouvert aux artistes qui ambitionnent de d\u00e9velopper leur carri\u00e8re au Canada ou \u00e0 l\u2019international. Avoir un repr\u00e9sentant, un album commercialis\u00e9, quelques spectacles et une pr\u00e9sence active sur les diff\u00e9rents r\u00e9seaux sociaux seront des atouts pour \u00eatre retenu, sans toutefois \u00eatre obligatoires.<\/p>\n\n\n\n<p><strong>Ce qu\u2019il faut savoir avant de postuler<\/strong><\/p>\n\n\n\n<ul><li>L\u2019appel est ouvert jusqu&rsquo;au&nbsp;<strong>4 juillet 2021<\/strong>.<\/li><li>Il concerne tous les artistes, locaux et internationaux.<\/li><li>Les participants devront s\u2019acquitter des frais d\u2019inscription fix\u00e9s \u00e0 45 $ CA pour chaque candidat.<\/li><li>Les artistes doivent remplir un formulaire de candidature en ligne qui sera accompagn\u00e9 des informations \u00e0 jour telles qu\u2019une courte biographie, des morceaux musicaux, des photos ainsi qu\u2019un dossier de presse.<\/li><li>Les candidatures par courriel ou par la poste ne seront pas accept\u00e9es.<\/li><\/ul>\n\n\n\n<p><strong>Processus de s\u00e9lection<\/strong><\/p>\n\n\n\n<ul><li>Une fois le dossier d\u00e9pos\u00e9, le participant recevra un message de confirmation par courrier \u00e9lectronique.<\/li><li>Le comit\u00e9 de pr\u00e9s\u00e9lection analysera ensuite les candidatures et accordera une note en fonction de l\u2019originalit\u00e9, de la qualit\u00e9 artistique et de l\u2019\u00e9tat d\u2019avancement de carri\u00e8re du groupe\/artiste. Les artistes les mieux not\u00e9s recevront les invitations officielles.<\/li><li>L\u2019\u00e9quipe de programmation s\u2019engage \u00e0 analyser toutes les candidatures re\u00e7ues.<\/li><li>Les artistes seront notifi\u00e9s par e-mail du statut de leurs candidatures \u00e0 la mi-septembre.<\/li><li>En cas de l\u2019annulation de l\u2019\u00e9v\u00e9nement, les frais d\u2019inscription seront rembours\u00e9s.<\/li><\/ul>\n\n\n\n<p><strong>Pour les artistes s\u00e9lectionn\u00e9s<\/strong><\/p>\n\n\n\n<ul><li>Ils doivent avoir un repr\u00e9sentant accr\u00e9dit\u00e9 qui doit \u00eatre identifi\u00e9 lorsque l\u2019invitation est accept\u00e9e.<\/li><li>M pour Montr\u00e9al n\u2019offrira pas de soutien au d\u00e9placement, \u00e0 l\u2019h\u00e9bergement et aux frais de subsistance des artistes.<\/li><li>Les artistes s\u00e9lectionn\u00e9s seront responsables de l\u2019obtention des visas n\u00e9cessaires pour jouer au Canada, ainsi que l\u2019autorisation de voyage \u00e9lectronique (AVE) pour entrer au Canada.<\/li><li>Le festival fournira \u00e0 l\u2019artiste le personnel et les mat\u00e9riels techniques n\u00e9cessaires au bon d\u00e9roulement de la prestation.<\/li><\/ul>\n\n\n\n<p><strong>Comment s\u2019inscrire ?<\/strong><\/p>\n\n\n\n<p>Les artistes peuvent envoyer leurs candidatures via un formulaire en ligne en cliquant\u00a0<a rel=\"noreferrer noopener\" href=\"https:\/\/mpourmontreal.com\/appel-de-candidatures\/\" target=\"_blank\">ici<\/a>.<\/p>\n\n\n\n<p>Pour des renseignements compl\u00e9mentaires, veuillez visiter le\u00a0<a rel=\"noreferrer noopener\" href=\"https:\/\/mpourmontreal.com\/\" target=\"_blank\">site officiel<\/a>\u00a0de M pour Montr\u00e9al.<\/p>\n\n\n\n<p><em>Vous pouvez consulter l\u2019appel original\u00a0<a rel=\"noreferrer noopener\" href=\"https:\/\/mpourmontreal.com\/appel-de-candidatures\/\" target=\"_blank\">ici<\/a><\/em>.<\/p>\n\n\n\n<p>Source : <a href=\"https:\/\/www.musicinafrica.net\/fr\/magazine\/appel-candidatures-festival-m-pour-montreal-2021\" target=\"_blank\" rel=\"noreferrer noopener\" aria-label=\"MusicinAfrica (s\u2019ouvre dans un nouvel onglet)\">MusicinAfrica<\/a><\/p>\n","protected":false},"excerpt":{"rendered":"<p>Appel \u00e0 candidatures : Festival M pour Montr\u00e9al 2021 Les candidatures pour le Festival M pour Montr\u00e9al sont d\u00e9sormais ouvertes. Les artistes int\u00e9ress\u00e9s peuvent s\u2019inscrire jusqu\u2019au&nbsp;4 juillet 2021. Apr\u00e8s une \u00e9dition virtuelle aux retomb\u00e9es inesp\u00e9r\u00e9es, M pour Montr\u00e9al revient cette &hellip; <a href=\"http:\/\/ayitimizik.net\/index.php\/2021\/06\/11\/appel-a-candidatures-festival-m-pour-montreal-2021\/\">Continuer la lecture <span class=\"meta-nav\">&rarr;<\/span><\/a><\/p>\n","protected":false},"author":3,"featured_media":0,"comment_status":"closed","ping_status":"closed","sticky":false,"template":"","format":"standard","meta":[],"categories":[6,16],"tags":[],"_links":{"self":[{"href":"http:\/\/ayitimizik.net\/index.php\/wp-json\/wp\/v2\/posts\/1861"}],"collection":[{"href":"http:\/\/ayitimizik.net\/index.php\/wp-json\/wp\/v2\/posts"}],"about":[{"href":"http:\/\/ayitimizik.net\/index.php\/wp-json\/wp\/v2\/types\/post"}],"author":[{"embeddable":true,"href":"http:\/\/ayitimizik.net\/index.php\/wp-json\/wp\/v2\/users\/3"}],"replies":[{"embeddable":true,"href":"http:\/\/ayitimizik.net\/index.php\/wp-json\/wp\/v2\/comments?post=1861"}],"version-history":[{"count":1,"href":"http:\/\/ayitimizik.net\/index.php\/wp-json\/wp\/v2\/posts\/1861\/revisions"}],"predecessor-version":[{"id":1863,"href":"http:\/\/ayitimizik.net\/index.php\/wp-json\/wp\/v2\/posts\/1861\/revisions\/1863"}],"wp:attachment":[{"href":"http:\/\/ayitimizik.net\/index.php\/wp-json\/wp\/v2\/media?parent=1861"}],"wp:term":[{"taxonomy":"category","embeddable":true,"href":"http:\/\/ayitimizik.net\/index.php\/wp-json\/wp\/v2\/categories?post=1861"},{"taxonomy":"post_tag","embeddable":true,"href":"http:\/\/ayitimizik.net\/index.php\/wp-json\/wp\/v2\/tags?post=1861"}],"curies":[{"name":"wp","href":"https:\/\/api.w.org\/{rel}","templated":true}]}}