{"id":1855,"date":"2021-06-08T19:50:33","date_gmt":"2021-06-08T17:50:33","guid":{"rendered":"http:\/\/ayitimizik.net\/?p=1855"},"modified":"2021-06-25T18:41:01","modified_gmt":"2021-06-25T16:41:01","slug":"appel-a-candidatures-showcase-au-mundial-montreal-2021","status":"publish","type":"post","link":"http:\/\/ayitimizik.net\/index.php\/2021\/06\/08\/appel-a-candidatures-showcase-au-mundial-montreal-2021\/","title":{"rendered":"APPEL \u00c0 CANDIDATURES : Showcase au Mundial Montr\u00e9al 2021"},"content":{"rendered":"\n<figure class=\"wp-block-image is-resized\"><img loading=\"lazy\" src=\"http:\/\/ayitimizik.net\/wp-content\/uploads\/2021\/06\/Mundial_Montreal_2021.png\" alt=\"\" class=\"wp-image-1856\" width=\"566\" height=\"377\" srcset=\"http:\/\/ayitimizik.net\/wp-content\/uploads\/2021\/06\/Mundial_Montreal_2021.png 480w, http:\/\/ayitimizik.net\/wp-content\/uploads\/2021\/06\/Mundial_Montreal_2021-450x300.png 450w\" sizes=\"(max-width: 566px) 100vw, 566px\" \/><\/figure>\n\n\n\n<p>Le festival canadien Mundial Montr\u00e9al invite les artistes du monde entier \u00e0 soumettre leurs candidatures pour b\u00e9n\u00e9ficier d&rsquo;un showcase de&nbsp;25 minutes&nbsp;dans la programmation officielle de sa&nbsp;11e \u00e9dition&nbsp;qui aura lieu&nbsp;en novembre 2021. Mundial Montr\u00e9al, c\u2019est l\u2019opportunit\u00e9 de se produire devant les professionnels les plus influents de l\u2019industrie musicale nationale et internationale, et de rencontrer le&nbsp;public de&nbsp;Montr\u00e9al (Canada).&nbsp;<\/p>\n\n\n\n<p><strong>Qui peut postuler&nbsp;aux showcases de&nbsp;Mundial Montr\u00e9al ?<\/strong><\/p>\n\n\n\n<p>L&rsquo;appel est adress\u00e9 aux&nbsp;artistes qui souhaitent d\u00e9velopper leur carri\u00e8re \u00e0 un niveau national et international. \u00c9quipe en place, album commercialis\u00e9, spectacles \u00e0 son actif, vid\u00e9oclip et fans Facebook sont de bons points de d\u00e9part pour \u00eatre retenu, mais ils ne sont pas obligatoires.<\/p>\n\n\n\n<p><strong>Modalit\u00e9s<\/strong><\/p>\n\n\n\n<ul><li>L\u2019appel \u00e0\u00a0candidatures pour l\u2019\u00e9dition 2021 se tiendra du 7 au\u00a0<strong>25 juin 2021.<\/strong><\/li><li>Le co\u00fbt est de 45 $ CA par application.<\/li><li>Les artistes doivent remplir\u00a0<a rel=\"noreferrer noopener\" href=\"https:\/\/form.zonefestival.com\/?k=avalanche_p3lp\" target=\"_blank\">le\u00a0formulaire de candidature<\/a>\u00a0en ligne en incluant des informations de base, notamment une courte biographie, de la musique, des photos et un dossier de presse. Il sera aussi demand\u00e9 de d\u00e9montrer en quoi un showcase\u00a0\u00e0\u00a0Mundial Montr\u00e9al\u00a0sera b\u00e9n\u00e9fique et s\u2019inscrit dans une strat\u00e9gie de d\u00e9veloppement de leur carri\u00e8re.<\/li><li>Il est important de fournir des informations \u00e0 jour et le meilleur mat\u00e9riel de communication possible, afin de mettre toutes les chances de votre c\u00f4t\u00e9.<\/li><li>Seule la m\u00e9thode de soumission officielle sera accept\u00e9e \u2013 les candidatures par courriel ou par la poste ne seront pas consid\u00e9r\u00e9es.<\/li><li>Les candidatures des artistes qui ont postul\u00e9 en 2020 seront report\u00e9es \u00e0 cette ann\u00e9e, il n\u2019est pas n\u00e9cessaire de postuler \u00e0 nouveau.<\/li><\/ul>\n\n\n\n<p><strong>Qu\u2019arrive-t-il ensuite ?<\/strong><\/p>\n\n\n\n<ul><li>Une fois l\u2019application envoy\u00e9e, la personne responsable recevra un courriel de confirmation.<\/li><li>Le comit\u00e9 de pr\u00e9s\u00e9lection analysera les candidatures et accordera une note en fonction de l\u2019originalit\u00e9, de la qualit\u00e9 artistique et de l\u2019\u00e9tat d\u2019avancement de la carri\u00e8re du groupe\/solo. Les artistes les mieux not\u00e9s seront par la suite soumis \u00e0 l\u2019\u00e9quipe de programmation qui se chargera d\u2019envoyer les invitations officielles.<\/li><li>Toutes les candidatures re\u00e7ues seront analys\u00e9es par l\u2019\u00e9quipe de programmation.<\/li><li>La personne responsable sera avis\u00e9e par courriel du statut de la candidature au plus tard le 1er septembre 2021.<\/li><li>Aucun remboursement ne sera accord\u00e9 aux artistes non-s\u00e9lectionn\u00e9s. Cependant, les artistes ayant soumis une candidature recevront un rabais de 45 $ CA \u00e0 l\u2019achat d\u2019une accr\u00e9ditation passeport, donnant acc\u00e8s aux vitrines et conf\u00e9rences pr\u00e9sent\u00e9es dans le cadre de&nbsp;Mundial Montr\u00e9al. La personne responsable recevra un code promo dans le courriel avisant du refus de la candidature.<\/li><li>S\u2019il advenait que l\u2019\u00e9v\u00e9nement soit annul\u00e9, les frais d\u2019inscription seront rembours\u00e9s. Dans le cas d\u2019un report, les conditions en temps et lieu seront annonc\u00e9s.<\/li><\/ul>\n\n\n\n<p><strong>Si je suis s\u00e9lectionn\u00e9 ?<\/strong><\/p>\n\n\n\n<ul><li>Les artistes s\u00e9lectionn\u00e9s doivent&nbsp;avoir un repr\u00e9sentant accr\u00e9dit\u00e9&nbsp;qui participera aux 4 jours de l\u2019\u00e9v\u00e9nement et aura\u202fachet\u00e9\u202fle&nbsp;passe \u00ab\u202fPRO + 3 soupers de r\u00e9seautage\u202f\u00bb. Cette personne doit \u00eatre identifi\u00e9e lorsque l\u2019invitation officielle est accept\u00e9e.<\/li><li>Mundial Montr\u00e9al&nbsp;n\u2019offre pas de soutien au d\u00e9placement, \u00e0 l\u2019h\u00e9bergement et \u00e0 la&nbsp;subsistance des artistes.<\/li><li>L\u2019artiste est responsable d\u2019obtenir le ou les visas n\u00e9cessaires pour jouer au Canada, ainsi que l\u2019autorisation de voyage \u00e9lectronique (AVE) pour entrer au Canada.<\/li><li>Chaque membre du groupe en performance recevra un bracelet-artiste qui permet l\u2019acc\u00e8s aux vitrines, tables rondes et conf\u00e9rences.<\/li><li>Les bracelets seront remis au repr\u00e9sentant de l\u2019artiste au moment de la r\u00e9cup\u00e9ration de son&nbsp;passe PRO.<\/li><li>Mundial Montr\u00e9al&nbsp;offrira un backline de base pour les artistes qui sont bas\u00e9s \u00e0 l\u2019ext\u00e9rieur de Montr\u00e9al (batterie, ampli de basse et de guitare).<\/li><li>Il est imp\u00e9ratif que le repr\u00e9sentant de l\u2019artiste compl\u00e8te le(s)\u202fsondage(s) en ligne que&nbsp;Mundial Montr\u00e9al&nbsp;enverra apr\u00e8s l\u2019\u00e9v\u00e9nement en fournissant des informations sur les retomb\u00e9es g\u00e9n\u00e9r\u00e9es.<\/li><\/ul>\n\n\n\n<p>L\u2019artiste peut choisir de s\u2019accr\u00e9diter pour repr\u00e9senter son propre projet ; l\u2019achat d\u2019un&nbsp;passe PRO est obligatoire dans ce cas-ci \u00e9galement.&nbsp;Mundial Montr\u00e9al&nbsp;se r\u00e9serve le droit de modifier les termes et conditions sans aucun pr\u00e9avis.<\/p>\n\n\n\n<p><em>Pour plus d&rsquo;informations, cliquez\u00a0<a rel=\"noreferrer noopener\" href=\"https:\/\/mundialmontreal.com\/appel-de-candidatures\/\" target=\"_blank\">ici<\/a>.<\/em><\/p>\n\n\n\n<p>Source : MusicinAfrica<\/p>\n","protected":false},"excerpt":{"rendered":"<p>Le festival canadien Mundial Montr\u00e9al invite les artistes du monde entier \u00e0 soumettre leurs candidatures pour b\u00e9n\u00e9ficier d&rsquo;un showcase de&nbsp;25 minutes&nbsp;dans la programmation officielle de sa&nbsp;11e \u00e9dition&nbsp;qui aura lieu&nbsp;en novembre 2021. Mundial Montr\u00e9al, c\u2019est l\u2019opportunit\u00e9 de se produire devant les &hellip; <a href=\"http:\/\/ayitimizik.net\/index.php\/2021\/06\/08\/appel-a-candidatures-showcase-au-mundial-montreal-2021\/\">Continuer la lecture <span class=\"meta-nav\">&rarr;<\/span><\/a><\/p>\n","protected":false},"author":3,"featured_media":0,"comment_status":"closed","ping_status":"closed","sticky":false,"template":"","format":"standard","meta":[],"categories":[6,15],"tags":[],"_links":{"self":[{"href":"http:\/\/ayitimizik.net\/index.php\/wp-json\/wp\/v2\/posts\/1855"}],"collection":[{"href":"http:\/\/ayitimizik.net\/index.php\/wp-json\/wp\/v2\/posts"}],"about":[{"href":"http:\/\/ayitimizik.net\/index.php\/wp-json\/wp\/v2\/types\/post"}],"author":[{"embeddable":true,"href":"http:\/\/ayitimizik.net\/index.php\/wp-json\/wp\/v2\/users\/3"}],"replies":[{"embeddable":true,"href":"http:\/\/ayitimizik.net\/index.php\/wp-json\/wp\/v2\/comments?post=1855"}],"version-history":[{"count":2,"href":"http:\/\/ayitimizik.net\/index.php\/wp-json\/wp\/v2\/posts\/1855\/revisions"}],"predecessor-version":[{"id":1873,"href":"http:\/\/ayitimizik.net\/index.php\/wp-json\/wp\/v2\/posts\/1855\/revisions\/1873"}],"wp:attachment":[{"href":"http:\/\/ayitimizik.net\/index.php\/wp-json\/wp\/v2\/media?parent=1855"}],"wp:term":[{"taxonomy":"category","embeddable":true,"href":"http:\/\/ayitimizik.net\/index.php\/wp-json\/wp\/v2\/categories?post=1855"},{"taxonomy":"post_tag","embeddable":true,"href":"http:\/\/ayitimizik.net\/index.php\/wp-json\/wp\/v2\/tags?post=1855"}],"curies":[{"name":"wp","href":"https:\/\/api.w.org\/{rel}","templated":true}]}}