{"id":1842,"date":"2021-05-11T00:13:27","date_gmt":"2021-05-10T22:13:27","guid":{"rendered":"http:\/\/ayitimizik.net\/?p=1842"},"modified":"2021-05-11T00:13:27","modified_gmt":"2021-05-10T22:13:27","slug":"appel-a-candidatures-prix-decouvertes-rfi-2021","status":"publish","type":"post","link":"http:\/\/ayitimizik.net\/index.php\/2021\/05\/11\/appel-a-candidatures-prix-decouvertes-rfi-2021\/","title":{"rendered":"APPEL \u00c0 CANDIDATURES : Prix D\u00e9couvertes RFI 2021"},"content":{"rendered":"\n<figure class=\"wp-block-image\"><img loading=\"lazy\" width=\"1024\" height=\"576\" src=\"http:\/\/ayitimizik.net\/wp-content\/uploads\/2021\/05\/Prix_decouvertes_2021_RFI-1024x576.png\" alt=\"\" class=\"wp-image-1843\" srcset=\"http:\/\/ayitimizik.net\/wp-content\/uploads\/2021\/05\/Prix_decouvertes_2021_RFI-1024x576.png 1024w, http:\/\/ayitimizik.net\/wp-content\/uploads\/2021\/05\/Prix_decouvertes_2021_RFI-752x423.png 752w, http:\/\/ayitimizik.net\/wp-content\/uploads\/2021\/05\/Prix_decouvertes_2021_RFI-768x432.png 768w, http:\/\/ayitimizik.net\/wp-content\/uploads\/2021\/05\/Prix_decouvertes_2021_RFI-500x281.png 500w, http:\/\/ayitimizik.net\/wp-content\/uploads\/2021\/05\/Prix_decouvertes_2021_RFI.png 1280w\" sizes=\"(max-width: 1024px) 100vw, 1024px\" \/><\/figure>\n\n\n\n<p>Les inscriptions pour le Prix D\u00e9couvertes 2021 sont ouvertes ! <\/p>\n\n\n\n<p>Vous \u00eates un artiste et vous avez du talent ? Tentez votre chance de gagner une tourn\u00e9e en Afrique et une aide \u00e0 la cr\u00e9ation d\u2019une valeur de 10 000\u20ac.<\/p>\n\n\n\n<p>Inscrivez-vous jusqu\u2019au 30 juin inclus via ce lien sur le site de <a href=\"https:\/\/web.facebook.com\/RFIMusique\/?__cft__[0]=AZUtNdEyHFg3q-pbJ6ARqRSM_0DAm-Dfrfxn8fkN5rxh4LnmKTnb-2OvtLCOI3DGjnow_LvCc4PJ0nOXcD4RlbNfi_UhAR3By8sAmmyQrLUCAojASG3bN8UbhLJNcuLn_z5RiE_u4FtxezWBgVQDCOV2&amp;__tn__=kK-R\">RFI Musique<\/a> : <a rel=\"noreferrer noopener\" href=\"https:\/\/musique.rfi.fr\/prix-decouvertes\/inscription?fbclid=IwAR16anvmgaXiUNfzYkyvVwJa4DfPLPK3FcnEPtGnhVu-AVNKm22OjYfzytU\" target=\"_blank\">https:\/\/musique.rfi.fr\/prix-decouvertes\/inscription<\/a> <\/p>\n\n\n\n<p>En partenariat avec <a href=\"https:\/\/web.facebook.com\/OIFrancophonie\/?__cft__[0]=AZUtNdEyHFg3q-pbJ6ARqRSM_0DAm-Dfrfxn8fkN5rxh4LnmKTnb-2OvtLCOI3DGjnow_LvCc4PJ0nOXcD4RlbNfi_UhAR3By8sAmmyQrLUCAojASG3bN8UbhLJNcuLn_z5RiE_u4FtxezWBgVQDCOV2&amp;__tn__=kK-R\">Organisation internationale de la Francophonie (OIF)<\/a>, <a href=\"https:\/\/web.facebook.com\/LaSacem\/?__cft__[0]=AZUtNdEyHFg3q-pbJ6ARqRSM_0DAm-Dfrfxn8fkN5rxh4LnmKTnb-2OvtLCOI3DGjnow_LvCc4PJ0nOXcD4RlbNfi_UhAR3By8sAmmyQrLUCAojASG3bN8UbhLJNcuLn_z5RiE_u4FtxezWBgVQDCOV2&amp;__tn__=kK-R\">Sacem<\/a>, <a href=\"https:\/\/web.facebook.com\/Ubiznews\/?__cft__[0]=AZUtNdEyHFg3q-pbJ6ARqRSM_0DAm-Dfrfxn8fkN5rxh4LnmKTnb-2OvtLCOI3DGjnow_LvCc4PJ0nOXcD4RlbNfi_UhAR3By8sAmmyQrLUCAojASG3bN8UbhLJNcuLn_z5RiE_u4FtxezWBgVQDCOV2&amp;__tn__=kK-R\">Ubiznewstv-OM5<\/a> et <a href=\"https:\/\/web.facebook.com\/institutfrancais.pageofficielle\/?__cft__[0]=AZUtNdEyHFg3q-pbJ6ARqRSM_0DAm-Dfrfxn8fkN5rxh4LnmKTnb-2OvtLCOI3DGjnow_LvCc4PJ0nOXcD4RlbNfi_UhAR3By8sAmmyQrLUCAojASG3bN8UbhLJNcuLn_z5RiE_u4FtxezWBgVQDCOV2&amp;__tn__=kK-R\">INSTITUT FRAN\u00c7AIS<\/a> \u00bb<\/p>\n","protected":false},"excerpt":{"rendered":"<p>Les inscriptions pour le Prix D\u00e9couvertes 2021 sont ouvertes ! Vous \u00eates un artiste et vous avez du talent ? Tentez votre chance de gagner une tourn\u00e9e en Afrique et une aide \u00e0 la cr\u00e9ation d\u2019une valeur de 10 000\u20ac. &hellip; <a href=\"http:\/\/ayitimizik.net\/index.php\/2021\/05\/11\/appel-a-candidatures-prix-decouvertes-rfi-2021\/\">Continuer la lecture <span class=\"meta-nav\">&rarr;<\/span><\/a><\/p>\n","protected":false},"author":3,"featured_media":0,"comment_status":"closed","ping_status":"closed","sticky":false,"template":"","format":"standard","meta":[],"categories":[6,16],"tags":[],"_links":{"self":[{"href":"http:\/\/ayitimizik.net\/index.php\/wp-json\/wp\/v2\/posts\/1842"}],"collection":[{"href":"http:\/\/ayitimizik.net\/index.php\/wp-json\/wp\/v2\/posts"}],"about":[{"href":"http:\/\/ayitimizik.net\/index.php\/wp-json\/wp\/v2\/types\/post"}],"author":[{"embeddable":true,"href":"http:\/\/ayitimizik.net\/index.php\/wp-json\/wp\/v2\/users\/3"}],"replies":[{"embeddable":true,"href":"http:\/\/ayitimizik.net\/index.php\/wp-json\/wp\/v2\/comments?post=1842"}],"version-history":[{"count":1,"href":"http:\/\/ayitimizik.net\/index.php\/wp-json\/wp\/v2\/posts\/1842\/revisions"}],"predecessor-version":[{"id":1844,"href":"http:\/\/ayitimizik.net\/index.php\/wp-json\/wp\/v2\/posts\/1842\/revisions\/1844"}],"wp:attachment":[{"href":"http:\/\/ayitimizik.net\/index.php\/wp-json\/wp\/v2\/media?parent=1842"}],"wp:term":[{"taxonomy":"category","embeddable":true,"href":"http:\/\/ayitimizik.net\/index.php\/wp-json\/wp\/v2\/categories?post=1842"},{"taxonomy":"post_tag","embeddable":true,"href":"http:\/\/ayitimizik.net\/index.php\/wp-json\/wp\/v2\/tags?post=1842"}],"curies":[{"name":"wp","href":"https:\/\/api.w.org\/{rel}","templated":true}]}}