{"id":1831,"date":"2021-05-03T22:25:28","date_gmt":"2021-05-03T20:25:28","guid":{"rendered":"http:\/\/ayitimizik.net\/?p=1831"},"modified":"2021-09-22T18:28:34","modified_gmt":"2021-09-22T16:28:34","slug":"appel-a-candidatures-afro-pepites-show-2021","status":"publish","type":"post","link":"http:\/\/ayitimizik.net\/index.php\/2021\/05\/03\/appel-a-candidatures-afro-pepites-show-2021\/","title":{"rendered":"APPEL \u00c0 CANDIDATURES : Afro P\u00e9pites Show 2021"},"content":{"rendered":"\n<figure class=\"wp-block-image\"><img loading=\"lazy\" width=\"740\" height=\"416\" src=\"http:\/\/ayitimizik.net\/wp-content\/uploads\/2021\/05\/afro_pepites_show_2021.jpg\" alt=\"\" class=\"wp-image-1833\" srcset=\"http:\/\/ayitimizik.net\/wp-content\/uploads\/2021\/05\/afro_pepites_show_2021.jpg 740w, http:\/\/ayitimizik.net\/wp-content\/uploads\/2021\/05\/afro_pepites_show_2021-500x281.jpg 500w\" sizes=\"(max-width: 740px) 100vw, 740px\" \/><\/figure>\n\n\n\n<p>L&rsquo;association Le R\u00eave Africain en France accepte les candidatures pour la 11\u00e8me \u00e9dition du programme de recherche de talents Afro Pepites Show.<\/p>\n\n\n\n<p>La date limite de d\u00e9p\u00f4t des candidatures est fix\u00e9e au 30 septembre. Cet appel propose aux musiciens professionnels et amateurs et aux m\u00e9lomanes de cr\u00e9er un spectacle sur Internet autour d&rsquo;un seul th\u00e8me, la culture africaine. <\/p>\n\n\n\n<p>Qui peut postuler ?<\/p>\n\n\n\n<p>Pour \u00eatre \u00e9ligibles, les candidats doivent \u00eatre musiciens, danseurs, peintres, photographes, cr\u00e9ateurs de mode, sculpteurs, conteurs, po\u00e8tes, r\u00e9alisateurs de courts m\u00e9trages ou acteurs d&rsquo;Afrique, du Venezuela, du Br\u00e9sil, de Colombie, d&rsquo;Ha\u00efti, de Jama\u00efque et de Cuba.<\/p>\n\n\n\n<p>Un comit\u00e9 d&rsquo;experts s\u00e9lectionnera trois projets qui utiliseront le r\u00e9seau d&rsquo;op\u00e9rateurs du secteur, de fans de la culture africaine, d&rsquo;adeptes des m\u00e9dias sociaux et de nombreux autres partenaires dans le monde entier.<\/p>\n\n\n\n<p>Parmi les pr\u00e9c\u00e9dents laur\u00e9ats figurent Elom 20ce, Mah Kouyat\u00e9, membre du groupe Takeifa, Sahad, Stev&rsquo;n-T et Coton d&rsquo;Afrik &amp; The Sailors, entre autres.<\/p>\n\n\n\n<p>Les trois candidats retenus auront l&rsquo;occasion de :<\/p>\n\n\n\n<ul><li>Partager leurs \u0153uvres et recevoir un retour professionnel.<\/li><li>Travailler en r\u00e9seau avec d&rsquo;autres professionnels et passionn\u00e9s de diverses cultures africaines.<\/li><li> Annoncer un nouveau projet.<br><\/li><\/ul>\n\n\n\n<p>Les candidats doivent noter que :<\/p>\n\n\n\n<p>L&rsquo;inscription gratuite est uniquement offerte aux artistes\/labels r\u00e9sidant en Afrique et en Am\u00e9rique du Sud. Pour les autres r\u00e9gions, les frais d&rsquo;inscription pour les artistes individuels s&rsquo;\u00e9l\u00e8vent \u00e0 20 \u20ac (26 $), tandis que les labels doivent payer 30 \u20ac pour un seul projet et 18 \u20ac pour chaque projet suppl\u00e9mentaire.<br>L&rsquo;inscription comporte les coordonn\u00e9es, une photo, un lien musical et une biographie.<br>Les artistes qui ne disposent pas d&rsquo;un site web doivent fournir des liens vers SoundCloud, ReverbNation et YouTube. <br><\/p>\n\n\n\n<p>Comment postuler ?<\/p>\n\n\n\n<p>Les labels ou artistes int\u00e9ress\u00e9s peuvent acc\u00e9der au formulaire d&rsquo;inscription <a href=\"https:\/\/lereveafricain.wixsite.com\/afropepiteshow\/aps11-registration\" target=\"_blank\" rel=\"noreferrer noopener\" aria-label=\"ici (s\u2019ouvre dans un nouvel onglet)\">ici<\/a><\/p>\n\n\n\n<p>La date limite de candidature est fix\u00e9e au 30 septembre et les noms des candidats retenus seront annonc\u00e9s le 15 d\u00e9cembre.<\/p>\n\n\n\n<p>Pour plus d&rsquo;informations sur cet appel, visitez le site officiel d&rsquo;<a href=\"https:\/\/lereveafricain.wixsite.com\/\" target=\"_blank\" rel=\"noreferrer noopener\" aria-label=\"African Dream (s\u2019ouvre dans un nouvel onglet)\">African Dream<\/a>.<\/p>\n\n\n\n<p>Sources: <a href=\"https:\/\/www.musicinafrica.net\/magazine\/call-applications-afro-pepites-show-2021-0\" target=\"_blank\" rel=\"noreferrer noopener\" aria-label=\"MusicinAfrica (s\u2019ouvre dans un nouvel onglet)\">MusicinAfrica<\/a><\/p>\n","protected":false},"excerpt":{"rendered":"<p>L&rsquo;association Le R\u00eave Africain en France accepte les candidatures pour la 11\u00e8me \u00e9dition du programme de recherche de talents Afro Pepites Show. La date limite de d\u00e9p\u00f4t des candidatures est fix\u00e9e au 30 septembre. Cet appel propose aux musiciens professionnels &hellip; <a href=\"http:\/\/ayitimizik.net\/index.php\/2021\/05\/03\/appel-a-candidatures-afro-pepites-show-2021\/\">Continuer la lecture <span class=\"meta-nav\">&rarr;<\/span><\/a><\/p>\n","protected":false},"author":3,"featured_media":0,"comment_status":"closed","ping_status":"closed","sticky":false,"template":"","format":"standard","meta":[],"categories":[6,16],"tags":[],"_links":{"self":[{"href":"http:\/\/ayitimizik.net\/index.php\/wp-json\/wp\/v2\/posts\/1831"}],"collection":[{"href":"http:\/\/ayitimizik.net\/index.php\/wp-json\/wp\/v2\/posts"}],"about":[{"href":"http:\/\/ayitimizik.net\/index.php\/wp-json\/wp\/v2\/types\/post"}],"author":[{"embeddable":true,"href":"http:\/\/ayitimizik.net\/index.php\/wp-json\/wp\/v2\/users\/3"}],"replies":[{"embeddable":true,"href":"http:\/\/ayitimizik.net\/index.php\/wp-json\/wp\/v2\/comments?post=1831"}],"version-history":[{"count":1,"href":"http:\/\/ayitimizik.net\/index.php\/wp-json\/wp\/v2\/posts\/1831\/revisions"}],"predecessor-version":[{"id":1834,"href":"http:\/\/ayitimizik.net\/index.php\/wp-json\/wp\/v2\/posts\/1831\/revisions\/1834"}],"wp:attachment":[{"href":"http:\/\/ayitimizik.net\/index.php\/wp-json\/wp\/v2\/media?parent=1831"}],"wp:term":[{"taxonomy":"category","embeddable":true,"href":"http:\/\/ayitimizik.net\/index.php\/wp-json\/wp\/v2\/categories?post=1831"},{"taxonomy":"post_tag","embeddable":true,"href":"http:\/\/ayitimizik.net\/index.php\/wp-json\/wp\/v2\/tags?post=1831"}],"curies":[{"name":"wp","href":"https:\/\/api.w.org\/{rel}","templated":true}]}}